{"id":41619,"date":"2017-05-22T15:33:21","date_gmt":"2017-05-22T15:33:21","guid":{"rendered":"http:\/\/plazajuarez.mx\/index\/index.php\/2017\/05\/22\/realiza-la-cdi-reunion-de-trabajo-en-la-region-de-tula\/"},"modified":"2017-05-22T15:33:21","modified_gmt":"2017-05-22T15:33:21","slug":"realiza-la-cdi-reunion-de-trabajo-en-la-region-de-tula","status":"publish","type":"post","link":"https:\/\/plazajuarez.mx\/historico\/realiza-la-cdi-reunion-de-trabajo-en-la-region-de-tula\/","title":{"rendered":"Realiza la CDI reuni\u00f3n de trabajo en la regi\u00f3n de Tula"},"content":{"rendered":"<p style=\"text-align: justify;\"><span style=\"font-weight: 400;\">Nuvia Mayorga Delgado, directora general de la Comisi\u00f3n Nacional para el Desarrollo de los Pueblos Ind\u00edgenas (CDI), para dar a conocer los programas y proyectos que la dependencia lleva a cabo a lo largo y ancho del territorio nacional, se reuni\u00f3 con representantes de los diferentes sectores de la sociedad civil quienes fueron convocados por la agrupaci\u00f3n \u201cUnidos por Tula\u201d, que preside el empresario No\u00e9 Paredes Meza.<\/span><\/p>\n<p>  <!--more-->  <\/p>\n<p style=\"text-align: justify;\">La reuni\u00f3n en la que estuvieron presentes los alcaldes Ismael Gadoth Tapia Ben\u00edtez, de Tula; Pedro Porras P\u00e9rez, de Tezontepec de Aldama; Salvador P\u00e9rez, de Ajacuba y Humberto Lugo, de Huichapan, as\u00ed como el diputado federal Fernando Moctezuma Pereda, se llev\u00f3 a cabo la ma\u00f1ana del s\u00e1bado en conocido sal\u00f3n de la ciudad de los atlantes.<\/p>\n<p style=\"text-align: justify;\">No\u00e9 Paredes Meza reconoci\u00f3 el trabajo que Nuvia Mayorga encabeza a favor de las clases m\u00e1s desprotegidas, a trav\u00e9s de la CDI y pidi\u00f3 que siga ayudando a las personas ind\u00edgenas de Hidalgo y todo el pa\u00eds.<\/p>\n<p style=\"text-align: justify;\">Por su parte, Nuvia Mayorga inform\u00f3 sobre el trabajo que realiza el gobierno federal a trav\u00e9s de la CDI, dijo que muchas veces en las redes sociales se dice lo malo, pero no las cosas buenas que se hacen a favor de la gente en pobreza y pobreza extrema que atiende el gobierno federal en este caso en al \u00e1rea que le toca dirigir.<\/p>\n<p style=\"text-align: justify;\">Para complementar la explicaci\u00f3n de las diferentes actividades, programas y proyectos que la CDI, lleva a cabo a favor de las personas en pobreza y pobreza extrema se proyectaron varios videos, para despu\u00e9s cada uno de los asistentes presentarse y algunos aprovecharon para felicitar a Nuvia Mayorga y otros para sugerir algunas otras acciones entre ellas, que se apoye a las personas ind\u00edgenas de San Ildefonso en Tepeji del R\u00edo.<\/p>\n<p style=\"text-align: justify;\"><span style=\"font-weight: 400;\">Agreg\u00f3 que en todo el pa\u00eds han realizado un importante n\u00famero de obras de electrificaci\u00f3n, drenaje, agua potable, construcci\u00f3n de viviendas y caminos, y entrega de proyectos productivos, beneficiando con ello a m\u00e1s de 5 millones de habitantes de poblaci\u00f3n ind\u00edgena, entre la que se encuentran hidalguenses.<\/span><\/p>\n<p style=\"text-align: justify;\">Coment\u00f3 que solo en Hidalgo la CDI ha invertido m\u00e1s de 3 mil 212 millones de pesos \u00a0en la Huasteca, Otom\u00ed-Tepehua y Valle del Mezquital.<\/p>\n<p style=\"text-align: justify;\"><span style=\"font-weight: 400;\">Finalmente la directora general de la CDI, agradeci\u00f3 la convocatoria que realiz\u00f3 el dirigente de Unidos por Tula, as\u00ed como a los asistentes por su inter\u00e9s de conocer las actividades con las que se busca mejorar la calidad de vida de los ind\u00edgenas y la preservaci\u00f3n de la cultura, mediante el fomento al desarrollo econ\u00f3mico en las diferentes regiones del pa\u00eds.<\/span><\/p>\n","protected":false},"excerpt":{"rendered":"<p>Nuvia Mayorga Delgado, directora general de la Comisi\u00f3n Nacional para el Desarrollo de los Pueblos Ind\u00edgenas (CDI), para dar a conocer los programas y proyectos que la dependencia lleva a cabo a lo largo y ancho del territorio nacional, se reuni\u00f3 con representantes de los diferentes sectores de la sociedad civil quienes fueron convocados por [&hellip;]<\/p>\n","protected":false},"author":6,"featured_media":0,"comment_status":"open","ping_status":"open","sticky":false,"template":"","format":"standard","meta":{"footnotes":""},"categories":[40],"tags":[],"class_list":["post-41619","post","type-post","status-publish","format-standard","hentry","category-region"],"_links":{"self":[{"href":"https:\/\/plazajuarez.mx\/historico\/wp-json\/wp\/v2\/posts\/41619","targetHints":{"allow":["GET"]}}],"collection":[{"href":"https:\/\/plazajuarez.mx\/historico\/wp-json\/wp\/v2\/posts"}],"about":[{"href":"https:\/\/plazajuarez.mx\/historico\/wp-json\/wp\/v2\/types\/post"}],"author":[{"embeddable":true,"href":"https:\/\/plazajuarez.mx\/historico\/wp-json\/wp\/v2\/users\/6"}],"replies":[{"embeddable":true,"href":"https:\/\/plazajuarez.mx\/historico\/wp-json\/wp\/v2\/comments?post=41619"}],"version-history":[{"count":0,"href":"https:\/\/plazajuarez.mx\/historico\/wp-json\/wp\/v2\/posts\/41619\/revisions"}],"wp:attachment":[{"href":"https:\/\/plazajuarez.mx\/historico\/wp-json\/wp\/v2\/media?parent=41619"}],"wp:term":[{"taxonomy":"category","embeddable":true,"href":"https:\/\/plazajuarez.mx\/historico\/wp-json\/wp\/v2\/categories?post=41619"},{"taxonomy":"post_tag","embeddable":true,"href":"https:\/\/plazajuarez.mx\/historico\/wp-json\/wp\/v2\/tags?post=41619"}],"curies":[{"name":"wp","href":"https:\/\/api.w.org\/{rel}","templated":true}]}}