{"id":41600,"date":"2017-05-22T04:41:07","date_gmt":"2017-05-22T04:41:07","guid":{"rendered":"http:\/\/plazajuarez.mx\/index\/index.php\/2017\/05\/22\/realizan-celebracion-por-dia-del-maestro\/"},"modified":"2017-05-22T04:41:07","modified_gmt":"2017-05-22T04:41:07","slug":"realizan-celebracion-por-dia-del-maestro","status":"publish","type":"post","link":"https:\/\/plazajuarez.mx\/historico\/realizan-celebracion-por-dia-del-maestro\/","title":{"rendered":"Realizan celebraci\u00f3n por D\u00eda del Maestro"},"content":{"rendered":"<p>TULA DE ALLENDE <\/p>\n<p>  <!--more-->  <\/p>\n<p>Merecida celebraci\u00f3n por el D\u00eda del Maestro, realiz\u00f3 la administraci\u00f3n de Tula a m\u00e1s de mil 700 profesores del municipio, en reconocimiento por su labor de ense\u00f1anza generaci\u00f3n tras generaci\u00f3n.<\/p>\n<p>Al auditorio municipal, acudieron maestros y\u00a0 maestras de los niveles distintos de educaci\u00f3n, desde inicial, preescolar, comunitario, Conafe, y de nivel primaria, secundaria, preparatoria y nivel superior de instituciones educativas tanto privadas como p\u00fablicas asentadas en la demarcaci\u00f3n.<\/p>\n<p>En el festejo recibieron reconocimientos por m\u00e1s de 30 a\u00f1os de servicio docente, los profesores, Octaviano \u00c1ngeles L\u00f3pez, Teresita Lara Azuara, Mar\u00eda Luisa Villeda Garc\u00eda, Ram\u00f3n Cruz Pe\u00f1a, Isaura S\u00e1nchez \u00c1ngeles, Er\u00e9ndira \u00c1ngeles Torres, Minerva Dalinda Ortiz Mendoza, Ra\u00fal Ben\u00edtez L\u00f3pez, Jos\u00e9 Serapio Contreras Molina y F\u00e9lix L\u00f3pez Castillo. <\/p>\n<p>Tambi\u00e9n Reynaldo Trejo Monroy, Aristeo Valdovinos G\u00f3mez, Mar\u00eda Luisa Vidal Turriza, Francisco Ch\u00e1vez Cruz, Mar\u00eda Luisa \u00c1lvarez Castillo, Mart\u00edn Rangel P\u00e9rez, Guadalupe Gonz\u00e1lez L\u00f3pez, V\u00edctor Villegas Cruz, Roberto Gonz\u00e1lez Villeda. Y Gonzalo Estrada Ram\u00edrez, Enrique Castillo Delgado, J. Guadalupe Guti\u00e9rrez Montiel, Maricela Isabel Paz Lugo y el profesor V\u00edctor Rufino Mart\u00ednez.<\/p>\n<p>En su mensaje, el presidente municipal, Gadoth Tapia Ben\u00edtez, felicit\u00f3 a los profesores y profesoras por su loable labor de transmitir el conocimiento a la ni\u00f1ez y juventud de este municipio de Tula.<\/p>\n<p>\u201cSi algo nos han ense\u00f1ado los maestros y las maestras, es que las personas tenemos que tener es actitud; y hoy este gran festejo que es con todo el cari\u00f1o y agradecimiento a todos y a todas por lo que hacen d\u00eda con d\u00eda en sus aulas, con sus alumnos, ir formando a j\u00f3venes ni\u00f1os adolescente, ir haciendo lo que un maestro tiene, se llama don y se llama vocaci\u00f3n\u201d.<\/p>\n<p>Los profesores degustaron una comida, del comediante e imitador, Carlos Donald, bailaron a ritmo de la m\u00fasica del grupo musical, Los Joeles y participaron en las rifas de obsequios.<\/p>\n","protected":false},"excerpt":{"rendered":"<p>TULA DE ALLENDE<\/p>\n","protected":false},"author":93,"featured_media":0,"comment_status":"open","ping_status":"open","sticky":false,"template":"","format":"standard","meta":{"footnotes":""},"categories":[40],"tags":[],"class_list":["post-41600","post","type-post","status-publish","format-standard","hentry","category-region"],"_links":{"self":[{"href":"https:\/\/plazajuarez.mx\/historico\/wp-json\/wp\/v2\/posts\/41600","targetHints":{"allow":["GET"]}}],"collection":[{"href":"https:\/\/plazajuarez.mx\/historico\/wp-json\/wp\/v2\/posts"}],"about":[{"href":"https:\/\/plazajuarez.mx\/historico\/wp-json\/wp\/v2\/types\/post"}],"author":[{"embeddable":true,"href":"https:\/\/plazajuarez.mx\/historico\/wp-json\/wp\/v2\/users\/93"}],"replies":[{"embeddable":true,"href":"https:\/\/plazajuarez.mx\/historico\/wp-json\/wp\/v2\/comments?post=41600"}],"version-history":[{"count":0,"href":"https:\/\/plazajuarez.mx\/historico\/wp-json\/wp\/v2\/posts\/41600\/revisions"}],"wp:attachment":[{"href":"https:\/\/plazajuarez.mx\/historico\/wp-json\/wp\/v2\/media?parent=41600"}],"wp:term":[{"taxonomy":"category","embeddable":true,"href":"https:\/\/plazajuarez.mx\/historico\/wp-json\/wp\/v2\/categories?post=41600"},{"taxonomy":"post_tag","embeddable":true,"href":"https:\/\/plazajuarez.mx\/historico\/wp-json\/wp\/v2\/tags?post=41600"}],"curies":[{"name":"wp","href":"https:\/\/api.w.org\/{rel}","templated":true}]}}