{"id":41559,"date":"2017-05-21T05:39:10","date_gmt":"2017-05-21T05:39:10","guid":{"rendered":"http:\/\/plazajuarez.mx\/index\/index.php\/2017\/05\/21\/pulcazo-en-la-combi\/"},"modified":"2020-04-14T19:58:50","modified_gmt":"2020-04-14T19:58:50","slug":"pulcazo-en-la-combi","status":"publish","type":"post","link":"https:\/\/plazajuarez.mx\/historico\/pulcazo-en-la-combi\/","title":{"rendered":"Pulcazo en la combi"},"content":{"rendered":"<p>RELATOS DE VIDA<\/p>\n<p>  <!--more-->  <\/p>\n<p>El sol calentaba hasta lo m\u00e1s profundo del cuerpo, era pasado del mediod\u00eda, Francisco esperaba ansioso la ruta del transporte p\u00fablico\u00a0 para llegar a su hogar, su ansiedad se deb\u00eda a los pares de jarros con pulque que se hab\u00eda echado para mitigar la fuerte temperatura que prevalec\u00eda en la calle, pero tambi\u00e9n para continuar con el \u00e1nimo en su casa, pues cargaba cerca de un litro que llegar\u00eda a meter al refrigerador para despu\u00e9s ingerirlo alegremente y sin remordimiento.<\/p>\n<p>Ten\u00eda poco m\u00e1s de 15 minutos de haber llegado a la parada de la combi, solo cargaba un morral y en la mano sosten\u00eda fuertemente su preciado l\u00edquido ancestral, al que de vez en cuando echaba una miradita, imaginando el gusto de tomarlo en la comidad de la casa.<\/p>\n<p>La tan esperada unidad arrib\u00f3 a la parada, extendi\u00f3 el brazo para avisar que quer\u00eda subir, el operador estacion\u00f3 a tan s\u00f3lo un paso de \u00e9l, le abri\u00f3 la puerta y se introdujo, busc\u00f3 un espacio para poder acomodarse y afianzarse, pues como era costumbre el transporte iba hasta el tope y m\u00e1s de pasaje, se logr\u00f3 agarrar de una barra colocada en la parte superior, sin soltar su botella con su n\u00e9ctar artesanal.<\/p>\n<p>Tan s\u00f3lo unos kil\u00f3metros hab\u00eda alcanzado a recorrer, lo equivalente a 15 minutos de viaje y la mitad de camino para llegar a su destino, imaginaba lo que har\u00eda cuando entrara a su casa, ir directo a la cocina para meter el pulque al refrigerador, lavarse las manos, descansar en el sof\u00e1 mientras observa alg\u00fan canal de la televisi\u00f3n y esperar a que el aliciente est\u00e9 fr\u00edo para abrirlo lentamente y no explote por los efectos de la fermentaci\u00f3n que evoluciona r\u00e1pidamente por el calor, cuando&#8230;<\/p>\n<p>El contenedor explot\u00f3 en plena combi, los pocos mililitros que transportaba se esparc\u00edan entre los pasajeros, el techo y piso de la unidad, ca\u00edan en las bolsas, mochilas, manos, espalda, cabellos e incluso cara; su refrescante antojo de hab\u00eda esfumado y embarrado, en tanto los tripulantes mostraban rostros molestos y asqueados, el pulque, el calor y el sudor corporal no son combinables.<\/p>\n<p>En la siguiente parada, todos descendieron del transporte p\u00fablico, algunos buscando en las inmediaciones donde conseguir papel para limpiarse o alg\u00fan accesorio para perfumarse y disfrazar el olor, mientras que Francisco s\u00f3lo encaraba la situaci\u00f3n diciendo &#8211; usted disculpe, fue un peque\u00f1o accidente, pero no se queda la mancha, puede lavar su ropa sin preocupaci\u00f3n- una vez vaciada la unidad, el operador replic\u00f3 &#8211; no se preocupe, es un peque\u00f1o accidente, lavando mi combi al rato se arreglar\u00e1.<\/p>\n","protected":false},"excerpt":{"rendered":"<p>RELATOS DE VIDA<\/p>\n","protected":false},"author":73,"featured_media":0,"comment_status":"open","ping_status":"open","sticky":false,"template":"","format":"standard","meta":{"footnotes":""},"categories":[42,85],"tags":[],"class_list":["post-41559","post","type-post","status-publish","format-standard","hentry","category-nuestrapalabra","category-relatos"],"_links":{"self":[{"href":"https:\/\/plazajuarez.mx\/historico\/wp-json\/wp\/v2\/posts\/41559","targetHints":{"allow":["GET"]}}],"collection":[{"href":"https:\/\/plazajuarez.mx\/historico\/wp-json\/wp\/v2\/posts"}],"about":[{"href":"https:\/\/plazajuarez.mx\/historico\/wp-json\/wp\/v2\/types\/post"}],"author":[{"embeddable":true,"href":"https:\/\/plazajuarez.mx\/historico\/wp-json\/wp\/v2\/users\/73"}],"replies":[{"embeddable":true,"href":"https:\/\/plazajuarez.mx\/historico\/wp-json\/wp\/v2\/comments?post=41559"}],"version-history":[{"count":0,"href":"https:\/\/plazajuarez.mx\/historico\/wp-json\/wp\/v2\/posts\/41559\/revisions"}],"wp:attachment":[{"href":"https:\/\/plazajuarez.mx\/historico\/wp-json\/wp\/v2\/media?parent=41559"}],"wp:term":[{"taxonomy":"category","embeddable":true,"href":"https:\/\/plazajuarez.mx\/historico\/wp-json\/wp\/v2\/categories?post=41559"},{"taxonomy":"post_tag","embeddable":true,"href":"https:\/\/plazajuarez.mx\/historico\/wp-json\/wp\/v2\/tags?post=41559"}],"curies":[{"name":"wp","href":"https:\/\/api.w.org\/{rel}","templated":true}]}}