{"id":41555,"date":"2017-05-21T05:26:46","date_gmt":"2017-05-21T05:26:46","guid":{"rendered":"http:\/\/plazajuarez.mx\/index\/index.php\/2017\/05\/21\/ofreceran-capacitacion-para-producir-fresas\/"},"modified":"2017-05-21T05:26:46","modified_gmt":"2017-05-21T05:26:46","slug":"ofreceran-capacitacion-para-producir-fresas","status":"publish","type":"post","link":"https:\/\/plazajuarez.mx\/historico\/ofreceran-capacitacion-para-producir-fresas\/","title":{"rendered":"Ofrecer\u00e1n capacitaci\u00f3n\u2026 para producir fresas"},"content":{"rendered":"<p>Tizayuca <\/p>\n<p>Tambi\u00e9n para producir frambuesa, zarzamora y ar\u00e1ndano; adem\u00e1s, ofrecer\u00e1n empleos a tizayuquenses agricultores, en el municipio de Tapalpa, Jalisco <\/p>\n<p>  <!--more-->  <\/p>\n<p>La Presidencia municipal y el Grupo Manzanilla S.A. de C.V., implementar\u00e1n una nueva alternativa de cultivo para el campo a trav\u00e9s de la instalaci\u00f3n de micro t\u00faneles; que servir\u00e1n para producir fresas en Tizayuca; adem\u00e1s lanzar\u00e1n una convocatoria para reclutar personal que desee trabajar en los sembrad\u00edos ubicados en el municipio de Tapalpa, en el estado de Jalisco.<br \/>Ofrecer\u00e1n a tizayuquenses empleos para mejorar sus condiciones de vida; y ser\u00e1n capacitados en el manejo de sembrad\u00edos de: fresa, frambuesa, zarzamora y ar\u00e1ndano.<br \/>Para iniciar el proyecto, el alcalde Gabriel Garc\u00eda Rojas entreg\u00f3 a los representantes del Grupo de Manzanilla, un an\u00e1lisis de suelo del levantamiento topogr\u00e1fico y un estudio de agua realizado en el predio en el que se instalar\u00e1n los micros t\u00faneles de fresa como proyecto experimental, para identificar qu\u00e9 tipo de fresa se puede adaptar al suelo tizayuquense y as\u00ed poder determinar procedimientos. <br \/>Cabe mencionar que la prueba piloto se realizar\u00e1 aproximadamente en cuatro meses y al final podr\u00e1n determinar si la siembra de la fresa es viable y si los productores del campo lo pueden usar.<br \/>La producci\u00f3n de fresa en Hidalgo se ha posicionado en el cuarto lugar a nivel nacional, y en caso de que funcionen los cultivos no dudan que el municipio se convierta en el primero a nivel estatal en producir fresa.<br \/>Acerca del reclutamiento para el personal que desee trabajar en los sembrad\u00edos de fresa en Tapalpa, en Jalisco, el Presidente municipal inform\u00f3 que previo a que se emita la convocatoria har\u00e1 una visita a ese estado, con el fin de conocer las condiciones laborales que les ofrecer\u00e1n a los tizayuquenses y tambi\u00e9n identificar\u00e1 las t\u00e9cnicas que han convertido al Grupo Manzanilla en el merecedor del reconocimiento global (GAP) y que es otorgado a las empresas agr\u00edcolas por cumplir con altos est\u00e1ndares, a la que fue acreedora.<br \/>Daniel Lomel\u00ed, Jos\u00e9 S\u00e1nchez, Juan y Jos\u00e9 Ortega, productores de fresa de la regi\u00f3n de Jalisco, explicaron a Gabriel Garc\u00eda Rojas que las \u201cBerries\u201d son las m\u00e1s demandadas a nivel nacional y por este motivo podr\u00eda ser una buena alternativa para los campos de cultivo en Tizayuca.<br \/>Finalmente, detallaron que en su regi\u00f3n carecen de mano de obra porque la gente no quiere trabajar en los sembrad\u00edos, por lo que ofrecer\u00e1n a los tizayuquenses empleos con prestaciones laborales.<\/p>\n","protected":false},"excerpt":{"rendered":"<p>Tizayuca Tambi\u00e9n para producir frambuesa, zarzamora y ar\u00e1ndano; adem\u00e1s, ofrecer\u00e1n empleos a tizayuquenses agricultores, en el municipio de Tapalpa, Jalisco<\/p>\n","protected":false},"author":93,"featured_media":0,"comment_status":"open","ping_status":"open","sticky":false,"template":"","format":"standard","meta":{"footnotes":""},"categories":[40],"tags":[],"class_list":["post-41555","post","type-post","status-publish","format-standard","hentry","category-region"],"_links":{"self":[{"href":"https:\/\/plazajuarez.mx\/historico\/wp-json\/wp\/v2\/posts\/41555","targetHints":{"allow":["GET"]}}],"collection":[{"href":"https:\/\/plazajuarez.mx\/historico\/wp-json\/wp\/v2\/posts"}],"about":[{"href":"https:\/\/plazajuarez.mx\/historico\/wp-json\/wp\/v2\/types\/post"}],"author":[{"embeddable":true,"href":"https:\/\/plazajuarez.mx\/historico\/wp-json\/wp\/v2\/users\/93"}],"replies":[{"embeddable":true,"href":"https:\/\/plazajuarez.mx\/historico\/wp-json\/wp\/v2\/comments?post=41555"}],"version-history":[{"count":0,"href":"https:\/\/plazajuarez.mx\/historico\/wp-json\/wp\/v2\/posts\/41555\/revisions"}],"wp:attachment":[{"href":"https:\/\/plazajuarez.mx\/historico\/wp-json\/wp\/v2\/media?parent=41555"}],"wp:term":[{"taxonomy":"category","embeddable":true,"href":"https:\/\/plazajuarez.mx\/historico\/wp-json\/wp\/v2\/categories?post=41555"},{"taxonomy":"post_tag","embeddable":true,"href":"https:\/\/plazajuarez.mx\/historico\/wp-json\/wp\/v2\/tags?post=41555"}],"curies":[{"name":"wp","href":"https:\/\/api.w.org\/{rel}","templated":true}]}}