{"id":41452,"date":"2017-05-19T05:52:28","date_gmt":"2017-05-19T05:52:28","guid":{"rendered":"http:\/\/plazajuarez.mx\/index\/index.php\/2017\/05\/19\/bajo-reserva-expres-36\/"},"modified":"2017-05-19T05:52:28","modified_gmt":"2017-05-19T05:52:28","slug":"bajo-reserva-expres-36","status":"publish","type":"post","link":"https:\/\/plazajuarez.mx\/historico\/bajo-reserva-expres-36\/","title":{"rendered":"Bajo Reserva Expr\u00e9s"},"content":{"rendered":"<p>\u00bfDelfina, independiente?<\/p>\n<p>  <!--more-->  <\/p>\n<p>Durante las \u00faltimas semanas de la campa\u00f1a electoral en el Estado de M\u00e9xico se ha visto transporte p\u00fablico en las calles del estado con propaganda que le pretenden atribuir a la candidata de Morena al gobierno mexiquense, Delfina G\u00f3mez, pero con un color que no corresponde a su partido.<br \/>Se trata del distintivo morado que pertenece a la aspirante que se dice independiente, Teresa Castell, con la frase: &#8220;Soy Delfina y voto independiente&#8221;.<br \/>Nos comentan que el equipo jur\u00eddico de do\u00f1a Delfina prepara ipso facto una denuncia para llevarla ante las instancias electorales y conocer la procedencia de la propaganda y buscar castigo para los responsables.<br \/>\u00bfSer\u00e1 que do\u00f1a Teresa entr\u00f3 a una nueva fase de propaganda negra contra do\u00f1a Delfina?.<\/p>\n<p><\/p>\n","protected":false},"excerpt":{"rendered":"<p>\u00bfDelfina, independiente?<\/p>\n","protected":false},"author":93,"featured_media":0,"comment_status":"open","ping_status":"open","sticky":false,"template":"","format":"standard","meta":{"footnotes":""},"categories":[42],"tags":[],"class_list":["post-41452","post","type-post","status-publish","format-standard","hentry","category-nuestrapalabra"],"_links":{"self":[{"href":"https:\/\/plazajuarez.mx\/historico\/wp-json\/wp\/v2\/posts\/41452","targetHints":{"allow":["GET"]}}],"collection":[{"href":"https:\/\/plazajuarez.mx\/historico\/wp-json\/wp\/v2\/posts"}],"about":[{"href":"https:\/\/plazajuarez.mx\/historico\/wp-json\/wp\/v2\/types\/post"}],"author":[{"embeddable":true,"href":"https:\/\/plazajuarez.mx\/historico\/wp-json\/wp\/v2\/users\/93"}],"replies":[{"embeddable":true,"href":"https:\/\/plazajuarez.mx\/historico\/wp-json\/wp\/v2\/comments?post=41452"}],"version-history":[{"count":0,"href":"https:\/\/plazajuarez.mx\/historico\/wp-json\/wp\/v2\/posts\/41452\/revisions"}],"wp:attachment":[{"href":"https:\/\/plazajuarez.mx\/historico\/wp-json\/wp\/v2\/media?parent=41452"}],"wp:term":[{"taxonomy":"category","embeddable":true,"href":"https:\/\/plazajuarez.mx\/historico\/wp-json\/wp\/v2\/categories?post=41452"},{"taxonomy":"post_tag","embeddable":true,"href":"https:\/\/plazajuarez.mx\/historico\/wp-json\/wp\/v2\/tags?post=41452"}],"curies":[{"name":"wp","href":"https:\/\/api.w.org\/{rel}","templated":true}]}}