{"id":41449,"date":"2017-05-19T05:53:36","date_gmt":"2017-05-19T05:53:36","guid":{"rendered":"http:\/\/plazajuarez.mx\/index\/index.php\/2017\/05\/19\/ya-basta-de-mentir-ya-basta-de-disfraces-amlo\/"},"modified":"2017-05-19T05:53:36","modified_gmt":"2017-05-19T05:53:36","slug":"ya-basta-de-mentir-ya-basta-de-disfraces-amlo","status":"publish","type":"post","link":"https:\/\/plazajuarez.mx\/historico\/ya-basta-de-mentir-ya-basta-de-disfraces-amlo\/","title":{"rendered":"Ya basta de mentir, ya basta de disfraces: AMLO"},"content":{"rendered":"<p>L\u00f3pez Obrador se recluye en el discurso general contra la corrupci\u00f3n, pero justifica su alianza con los liderazgos del SNTE<\/p>\n<p>  <!--more-->  <\/p>\n<p>En la parte inicial de una larga entrevista que AMLO dio a un reconocido periodista \u2014Jorge Ramos de Univisi\u00f3n hace unos d\u00edas\u2014 acu\u00f1aba con el t\u00edtulo de esta colaboraci\u00f3n el ultim\u00e1tum que lanz\u00f3 al PRD y a otros partidos para que declinaran a favor de Morena las candidaturas en Edomex, Nayarit, Veracruz y Coahuila.<br \/>&#8220;Que se definan&#8221; porque est\u00e1n de &#8220;paleros del PRIAN y de Pe\u00f1a Nieto&#8221;. No es amenaza ni intransigencia, dijo AMLO al periodista, sino &#8220;hacer a un lado la simulaci\u00f3n&#8221;.<br \/>O sea, La Verdad, la dice y la dicta \u00e9l, frente a la cual todo lo dem\u00e1s es mentira, es disfraz, es falsedad. La entrevista lo pinta de cuerpo entero:<br \/>Sobre Eva Cadena, la corrupta diputada veracruzana de Morena: &#8220;la grabaron con una intenci\u00f3n pol\u00edtica; la grabaron para afectarme a m\u00ed&#8221;. Por lo tanto, aunque cometi\u00f3 un error, est\u00e1 perdonada.<br \/>\u00bfQui\u00e9nes est\u00e1n detr\u00e1s de este &#8220;nuevo complot&#8221; de 2017? &#8220;EL UNIVERSAL&#8221; fue el medio, porque antes \u2014seg\u00fan \u00e9l\u2014 ese video de Eva Cadena lo habr\u00eda visto Yunes, EPN y \u00e9ste se lo entreg\u00f3 a Chong para luego d\u00e1rselo a EL UNIVERSAL.<br \/>O sea, los malos, los perversos son los otros, no la gente que lo rodea; a ellos &#8220;les ponen cuatros&#8221;, pero son buenos porque ya est\u00e1n con \u00e9l. Por eso su candidata Delfina G\u00f3mez en el Estado de M\u00e9xico, acusada probadamente de cobro indebido de cuotas a funcionarios municipales de Texcoco, tambi\u00e9n es &#8220;gente buena&#8221; por la que a su favor debe declinar Juan Zepeda, candidato del PRD \u00a1Mira nada m\u00e1s!<br \/>Tambi\u00e9n, AMLO es una especie de paria, sin dinero, sin cuentas ni tarjetas bancarias, ni propiedades &#8220;porque todo se lo ha entregado a sus hijos&#8221;, como si la ley lo eximiera de responsabilidad en sus declaraciones patrimoniales para evitar actos de corrupci\u00f3n.<br \/>En la parte final de la entrevista, Jorge Ramos (JR) le hace una bater\u00eda de preguntas con petici\u00f3n de respuestas cortas:<br \/>\u2014JR: &#8220;\u00bfPe\u00f1a Nieto es corrupto?&#8221;, pregunta. AMLO: &#8220;S\u00ed&#8221;. JR: &#8220;La casa que su esposa compr\u00f3, Ang\u00e9lica Rivera, de siete millones de d\u00f3lares de un contratista gubernamental \u00bfes un acto de corrupci\u00f3n?&#8221;. AMLO: &#8220;S\u00ed, pero no solo eso&#8221;. &#8220;\u00bfUsted los va a enjuiciar por este acto de corrupci\u00f3n?&#8221;. &#8220;No va a haber persecuci\u00f3n&#8221;, contesta AMLO. &#8220;Me est\u00e1 evitando la respuesta, se\u00f1or L\u00f3pez Obrador&#8221;, &#8220;\u00bfVa a enjuiciar a Pe\u00f1a Nieto por corrupci\u00f3n\u2026 por la casa que su esposa compr\u00f3?&#8221; AMLO: &#8220;No, no, no, eso lo van a hacer los jueces&#8221;. &#8220;Entonces eso es una amnist\u00eda anticipada&#8221;, dice el entrevistador y lo sentencia: &#8220;No se atreve a decir que Pe\u00f1a Nieto va a ser enjuiciado&#8221;.<br \/>En el \u00faltimo tramo de la entrevista se desnuda a quien quiere dirigir al pa\u00eds en el pr\u00f3ximo sexenio.<br \/>\u2014JR: &#8220;A muchos les preocupa que, siendo usted el l\u00edder de la izquierda mexicana, sea usted \u2018derechista de cl\u00f3set\u2019\u2026 \u00bfcree en el aborto?&#8221; AMLO busca evitar respuesta clara, rodea, &#8220;no es blanco y negro&#8221;, dice. &#8220;\u00bfCree en el aborto?&#8221;, lo acorrala JR; &#8220;no, yo creo que eso lo tienen que resolver los ciudadanos&#8221;, responde el &#8220;estadista&#8221;. &#8220;\u00bfMatrimonio entre homosexuales?&#8221;, le dispara la pregunta; &#8220;tambi\u00e9n que se consulte&#8221;. &#8220;\u00bfAdopci\u00f3n de homosexuales?&#8221;, &#8220;tambi\u00e9n&#8221;. &#8220;\u00bfLegalizaci\u00f3n de las drogas?&#8221;, &#8220;yo voy a gobernar consultando al pueblo&#8221;, dice para no comprometerse en estos temas b\u00e1sicos, \u00a1como si los derechos debieran votarse! Y se recluye en el discurso general sobre la austeridad, y contra la corrupci\u00f3n, pero justifica su alianza con los liderazgos del SNTE encabezados por Elba Esther Gordillo.<br \/>Tampoco se asume feminista, sino &#8220;respetuoso de las mujeres&#8221; que &#8220;merecen irse al cielo&#8221;, aunque la Tierra para ellas sea algo parecido a un infierno.<br \/>Enjuicia a Trump de racista, pero no se atreve a decir algo sobre Venezuela ni contra Maduro. \u00bfEse es el liderazgo democr\u00e1tico y de izquierda que M\u00e9xico requiere para un nuevo r\u00e9gimen pol\u00edtico? Definitivamente no.<br \/>&#8220;Ya basta de mentir, ya basta de disfraces&#8221;. AMLO no es de izquierda, AMLO es un &#8220;derechista de cl\u00f3set&#8221;.<\/p>\n","protected":false},"excerpt":{"rendered":"<p>L\u00f3pez Obrador se recluye en el discurso general contra la corrupci\u00f3n, pero justifica su alianza con los liderazgos del SNTE<\/p>\n","protected":false},"author":93,"featured_media":0,"comment_status":"open","ping_status":"open","sticky":false,"template":"","format":"standard","meta":{"footnotes":""},"categories":[42],"tags":[],"class_list":["post-41449","post","type-post","status-publish","format-standard","hentry","category-nuestrapalabra"],"_links":{"self":[{"href":"https:\/\/plazajuarez.mx\/historico\/wp-json\/wp\/v2\/posts\/41449","targetHints":{"allow":["GET"]}}],"collection":[{"href":"https:\/\/plazajuarez.mx\/historico\/wp-json\/wp\/v2\/posts"}],"about":[{"href":"https:\/\/plazajuarez.mx\/historico\/wp-json\/wp\/v2\/types\/post"}],"author":[{"embeddable":true,"href":"https:\/\/plazajuarez.mx\/historico\/wp-json\/wp\/v2\/users\/93"}],"replies":[{"embeddable":true,"href":"https:\/\/plazajuarez.mx\/historico\/wp-json\/wp\/v2\/comments?post=41449"}],"version-history":[{"count":0,"href":"https:\/\/plazajuarez.mx\/historico\/wp-json\/wp\/v2\/posts\/41449\/revisions"}],"wp:attachment":[{"href":"https:\/\/plazajuarez.mx\/historico\/wp-json\/wp\/v2\/media?parent=41449"}],"wp:term":[{"taxonomy":"category","embeddable":true,"href":"https:\/\/plazajuarez.mx\/historico\/wp-json\/wp\/v2\/categories?post=41449"},{"taxonomy":"post_tag","embeddable":true,"href":"https:\/\/plazajuarez.mx\/historico\/wp-json\/wp\/v2\/tags?post=41449"}],"curies":[{"name":"wp","href":"https:\/\/api.w.org\/{rel}","templated":true}]}}