{"id":41216,"date":"2017-05-15T11:51:44","date_gmt":"2017-05-15T11:51:44","guid":{"rendered":"http:\/\/plazajuarez.mx\/index\/index.php\/2017\/05\/15\/vitral-politico-3\/"},"modified":"2017-05-15T11:51:44","modified_gmt":"2017-05-15T11:51:44","slug":"vitral-politico-3","status":"publish","type":"post","link":"https:\/\/plazajuarez.mx\/historico\/vitral-politico-3\/","title":{"rendered":"Vitral Pol\u00edtico"},"content":{"rendered":"<p>Educar, la reforma gigante<br \/>Un pueblo educado no vota por el que le dio despensas, ni por el que le entreg\u00f3 dinero en tarjetas electr\u00f3nicas; tampoco est\u00e1 sometido por organizaciones corporativas<\/p>\n<p>  <!--more-->  <\/p>\n<p>De las 11 grandes reformas del primer tercio del sexenio, que le valieron al presidente Enrique Pe\u00f1a Nieto ser considerado como uno de los l\u00edderes mundiales, la educativa fue considerada desde el inicio como la principal del paquete.<br \/>En efecto, la educaci\u00f3n incluye a las personas en el horizonte de oportunidades; potencia la democracia; equilibra el juego de poderes institucionales, con una sociedad m\u00e1s exigente y participativa. Es la escalera del ascenso social.<br \/>Un pueblo educado no vota por el que le dio despensas, ni por el que le entreg\u00f3 dinero en tarjetas electr\u00f3nicas; tampoco est\u00e1 sometido por organizaciones corporativas.<br \/>Con dos secretarios de Educaci\u00f3n P\u00fablica, Emilio Chuayffet Chemor y Aurelio Nu\u00f1o Mayer, la Reforma Educativa de Enrique Pe\u00f1a Nieto ha recorrido casi cuatro a\u00f1os de aplicaci\u00f3n, en los que se sacudi\u00f3 la sociedad y al gremio magisterial, el cual hoy celebra el D\u00eda del Maestro.<br \/>La Reforma Educativa termin\u00f3 con el dominio de camarillas sobre las facultades de la Secretar\u00eda de Educaci\u00f3n P\u00fablica, cort\u00f3 con pr\u00e1cticas en que los recursos p\u00fablicos no beneficiaban a los alumnos de educaci\u00f3n b\u00e1sica.<br \/>La controvertida evaluaci\u00f3n de los maestros, se reporta, hoy no garantiza que en los grupos est\u00e9n los mejores profesores, y su modelo de aplicaci\u00f3n debe ser revisado, si se quiere contribuir a mejorar la calidad de la ense\u00f1anza de ni\u00f1os y adolescentes que hoy carecen de comprensi\u00f3n de lectura, las matem\u00e1ticas son un mundo raro que no entienden y en los grados m\u00e1s altos tropezar\u00e1n por sus carencias de aprendizaje. <br \/>Para muchos se trata de una reforma laboral del sector educativo y, en efecto, a esa etapa que convulsion\u00f3 al Congreso que en sus d\u00edas cr\u00edticos fue sitiado por la CNTE, le sigue un modelo de ense\u00f1anza que rompa el c\u00edrculo de la ignorancia. Se trata, en efecto, de una reforma que empieza, y que estar\u00e1 a debate, por quienes compitan para gobernar el pa\u00eds en el pr\u00f3ximo sexenio&#8230;<br \/>CONTRASTE.\u2014 Una eventual renegociaci\u00f3n del TLC con Estados Unidos y Canad\u00e1, esta vez incluir\u00eda a integrantes del Senado, como testigos u oyentes, de acuerdo con la intenci\u00f3n del secretario de Relaciones Exteriores, Luis Videgaray, de que la C\u00e1mara Alta acompa\u00f1e al equipo del gobierno mexicano. El esquema cl\u00e1sico incluye un \u201cCuarto de Junto\u201d, con representantes del sector privado. Para los senadores habr\u00eda otra din\u00e1mica. A todo esto, se prev\u00e9 problema para integrar un grupo plural que no podr\u00eda estar en la grilla de sus partidos en procesos pol\u00edtico electorales del apetitoso 2018&#8230;<br \/>VIDRIOS ROTOS.\u2014 Una protesta social de padres de normalistas de Ayotzinapa, afuera del Senado la semana pasada, dej\u00f3 un saldo in\u00e9dito: dos personas lesionadas por la destrucci\u00f3n de una de las gruesa puertas de cristal, en el acceso al edificio de Paseo de la Reforma e Insurgentes. Un integrante del servicio de Resguardo y un empleado fueron atendidos pero no sufrieron heridas graves. Tres cohetones rompieron la puerta y para garantizar la seguridad en el \u00e1rea, se propone ya que se instalen cristales blindados&#8230;<br \/>VENTANAL.\u2014 El fin de semana, Emilio Gamboa Patr\u00f3n y un grupo de senadores pri\u00edstas acompa\u00f1aron a su candidato a gobernador en el Estado de M\u00e9xico, Alfredo del Mazo Maza, y se le espera al legislador, de nueva cuenta, en el cierre de la campa\u00f1a. Nadie tiene el triunfo en la bolsa y el PRI invoca el apoyo de todas sus fuerzas. Requiere dejar atr\u00e1s a Delfina G\u00f3mez \u00c1lvarez, de Morena, una beneficiaria del hartazgo social&#8230;<br \/>VITRAL SOCIAL.\u2014 En el 01 800 553 3000, la CNDH toma denuncia de violaciones a derechos humanos\u2026<\/p>\n","protected":false},"excerpt":{"rendered":"<p>Educar, la reforma giganteUn pueblo educado no vota por el que le dio despensas, ni por el que le entreg\u00f3 dinero en tarjetas electr\u00f3nicas; tampoco est\u00e1 sometido por organizaciones corporativas<\/p>\n","protected":false},"author":93,"featured_media":0,"comment_status":"open","ping_status":"open","sticky":false,"template":"","format":"standard","meta":{"footnotes":""},"categories":[42],"tags":[],"class_list":["post-41216","post","type-post","status-publish","format-standard","hentry","category-nuestrapalabra"],"_links":{"self":[{"href":"https:\/\/plazajuarez.mx\/historico\/wp-json\/wp\/v2\/posts\/41216","targetHints":{"allow":["GET"]}}],"collection":[{"href":"https:\/\/plazajuarez.mx\/historico\/wp-json\/wp\/v2\/posts"}],"about":[{"href":"https:\/\/plazajuarez.mx\/historico\/wp-json\/wp\/v2\/types\/post"}],"author":[{"embeddable":true,"href":"https:\/\/plazajuarez.mx\/historico\/wp-json\/wp\/v2\/users\/93"}],"replies":[{"embeddable":true,"href":"https:\/\/plazajuarez.mx\/historico\/wp-json\/wp\/v2\/comments?post=41216"}],"version-history":[{"count":0,"href":"https:\/\/plazajuarez.mx\/historico\/wp-json\/wp\/v2\/posts\/41216\/revisions"}],"wp:attachment":[{"href":"https:\/\/plazajuarez.mx\/historico\/wp-json\/wp\/v2\/media?parent=41216"}],"wp:term":[{"taxonomy":"category","embeddable":true,"href":"https:\/\/plazajuarez.mx\/historico\/wp-json\/wp\/v2\/categories?post=41216"},{"taxonomy":"post_tag","embeddable":true,"href":"https:\/\/plazajuarez.mx\/historico\/wp-json\/wp\/v2\/tags?post=41216"}],"curies":[{"name":"wp","href":"https:\/\/api.w.org\/{rel}","templated":true}]}}