{"id":41214,"date":"2017-05-15T11:50:45","date_gmt":"2017-05-15T11:50:45","guid":{"rendered":"http:\/\/plazajuarez.mx\/index\/index.php\/2017\/05\/15\/el-inai-y-la-operacion-cicatriz\/"},"modified":"2017-05-15T11:50:45","modified_gmt":"2017-05-15T11:50:45","slug":"el-inai-y-la-operacion-cicatriz","status":"publish","type":"post","link":"https:\/\/plazajuarez.mx\/historico\/el-inai-y-la-operacion-cicatriz\/","title":{"rendered":"El Inai y la operaci\u00f3n cicatriz"},"content":{"rendered":"<p>Bajo Reserva Expr\u00e9s<\/p>\n<p>  <!--more-->  <\/p>\n<p>Desde el primer minuto que fue electo como nuevo presidente del Inai, el comisionado Francisco Javier Acu\u00f1a comenz\u00f3 con un acercamiento con las \u00e1reas sustantivas del instituto, la instrucci\u00f3n fue clara: continuidad en los proyectos, pero tambi\u00e9n mejores resultados.<br \/>Nos cuentan que el comisionado presidente buscar\u00e1 tambi\u00e9n un acercamiento con la comisionada Patricia Kurczyn, quien en el discurso le expres\u00f3 su respaldo, pero durante el proceso de sucesi\u00f3n sostuvo diferencias con la comisionada y hoy ex presidenta Ximena Puente.<br \/>Uno de los puntos que hace dif\u00edcil esta operaci\u00f3n cicatriz, nos dicen, es la cercan\u00eda de Acu\u00f1a con la comisionada Puente.<br \/>As\u00ed don Francisco Javier y tiene frente al \u00e9l varios retos importantes, como el de hacer que la fallida Plataforma Nacional de Transparencia funcione, y adem\u00e1s tratar de mantener la unidad y la civilidad entre los consejeros. Ambas, tareas complicadas.<\/p>\n","protected":false},"excerpt":{"rendered":"<p>Bajo Reserva Expr\u00e9s<\/p>\n","protected":false},"author":93,"featured_media":0,"comment_status":"open","ping_status":"open","sticky":false,"template":"","format":"standard","meta":{"footnotes":""},"categories":[42],"tags":[],"class_list":["post-41214","post","type-post","status-publish","format-standard","hentry","category-nuestrapalabra"],"_links":{"self":[{"href":"https:\/\/plazajuarez.mx\/historico\/wp-json\/wp\/v2\/posts\/41214","targetHints":{"allow":["GET"]}}],"collection":[{"href":"https:\/\/plazajuarez.mx\/historico\/wp-json\/wp\/v2\/posts"}],"about":[{"href":"https:\/\/plazajuarez.mx\/historico\/wp-json\/wp\/v2\/types\/post"}],"author":[{"embeddable":true,"href":"https:\/\/plazajuarez.mx\/historico\/wp-json\/wp\/v2\/users\/93"}],"replies":[{"embeddable":true,"href":"https:\/\/plazajuarez.mx\/historico\/wp-json\/wp\/v2\/comments?post=41214"}],"version-history":[{"count":0,"href":"https:\/\/plazajuarez.mx\/historico\/wp-json\/wp\/v2\/posts\/41214\/revisions"}],"wp:attachment":[{"href":"https:\/\/plazajuarez.mx\/historico\/wp-json\/wp\/v2\/media?parent=41214"}],"wp:term":[{"taxonomy":"category","embeddable":true,"href":"https:\/\/plazajuarez.mx\/historico\/wp-json\/wp\/v2\/categories?post=41214"},{"taxonomy":"post_tag","embeddable":true,"href":"https:\/\/plazajuarez.mx\/historico\/wp-json\/wp\/v2\/tags?post=41214"}],"curies":[{"name":"wp","href":"https:\/\/api.w.org\/{rel}","templated":true}]}}