{"id":41211,"date":"2017-05-15T11:46:07","date_gmt":"2017-05-15T11:46:07","guid":{"rendered":"http:\/\/plazajuarez.mx\/index\/index.php\/2017\/05\/15\/marcelo-ebrard-suena-con-segob\/"},"modified":"2017-05-15T11:46:07","modified_gmt":"2017-05-15T11:46:07","slug":"marcelo-ebrard-suena-con-segob","status":"publish","type":"post","link":"https:\/\/plazajuarez.mx\/historico\/marcelo-ebrard-suena-con-segob\/","title":{"rendered":"Marcelo Ebrard, sue\u00f1a con Segob"},"content":{"rendered":"<p>Submarino Pol\u00edtico<br \/>Ahora Ebrard busca ser el coordinador de campa\u00f1a de L\u00f3pez Obrador el a\u00f1o entrante, ya no quiere la candidatura a la presidencia en el corto plazo, sino la secretar\u00eda de gobernaci\u00f3n con el tabasque\u00f1o<\/p>\n<p>  <!--more-->  <\/p>\n<p>Reci\u00e9n se cumplieron dos a\u00f1os desde que Marcelo Ebrard opt\u00f3 por el exilio, esto por las enormes dudas financieras que genera la construcci\u00f3n de la L\u00ednea 12 del Metro, espec\u00edficamente 489 millones de pesos provenientes de fondos federales. Ya no digamos los costos que generaron a la ciudad las fallas en las v\u00edas y el posterior cierre de un tramo importante de la llamada \u201cl\u00ednea dorada\u201d que afect\u00f3 a cientos de miles de usuarios. A pesar de no ser investigado por ninguna instancia de procuraci\u00f3n de justicia del pa\u00eds, Marcelo ten\u00eda otros datos y sali\u00f3 casi huyendo del pa\u00eds. No quiso convertirse en el \u201cchivo expiatorio\u201d de nadie. Pero la l\u00ednea 12 s\u00f3lo representa la cima del enorme iceberg de negocios que se dieron al cobijo de quien fuera jefe de gobierno del Distrito Federal entre 2006 y 2012.<br \/>Entre los pecadillos del carnal Marcelo est\u00e1 la casa de la colonia Roma ubicada en el 46 de la Plaza R\u00edo de Janeiro. Rematada por el gobierno de Ebrard en un mill\u00f3n de pesos cuando su valor era de 33 millones y que ahora Marcelo renta a la Constructora Enalser. Empresa ligada por la Unidad de Inteligencia Financiera de la PGR a la red de empresas fantasma por donde danzaron los millones desviados por el gobierno de Javier Duarte en Veracruz. Desde dicha finca, Ebrard tejer\u00eda su propia candidatura presidencial para 2018. <br \/>Hay otra casa, que coincidentemente tambi\u00e9n es blanca, la ubicada en el n\u00famero 100 de la calle de Alfonso Reyes de la colonia Hip\u00f3dromo Condesa, donde Marcelo oper\u00f3 desde su campa\u00f1a a la jefatura de gobierno en 2006 y despu\u00e9s lo convirti\u00f3 en su despacho alterno. En los \u00faltimos d\u00edas se ha registrado movimiento en dicho predio, entran y salen operadores de la candidata de Morena al gobierno del Edomex. <br \/>Con bajo perfil, Marcelo comienza a operar desde la Condesa para L\u00f3pez Obrador, lo mismo si se ofrece llevar gente al monumento a la revoluci\u00f3n para asistir los discursos del l\u00edder de Morena que si necesita operar electoralmente la elecci\u00f3n en el estado de M\u00e9xico. Lo anterior como resultado de un acuerdo entre ambos personajes en California durante una de las giras del tabasque\u00f1o. <br \/>No queda claro si a Marcelo Ebrard le urge m\u00e1s la impunidad que el poder, pero un pol\u00edtico tan experimentado como \u00e9l ya deber\u00eda estar habituado a la derrota. Desde su a\u00f1eja apuesta por Manuel Camacho Sol\u00eds en la presidencial de 1994; sus propias candidaturas al gobierno del DF en 2000 y a la presidencia en 2012; la derrota \u201chaiga sido como haiga sido\u201d de AMLO en 2006. Y m\u00e1s recientemente; la negativa del TEPJF a ser candidato por el partido Movimiento Ciudadano a diputado federal en 2015, la apuesta y el activismo por la candidatura de Hillary Clinton en la \u00faltima elecci\u00f3n presidencial de los EEUU. \u00bfQu\u00e9 dir\u00e1 Marcelo de sus propios dotes como operador pol\u00edtico a su carnal y aliado Andr\u00e9s si Delfina pierde la elecci\u00f3n en el Edomex? <br \/>Ahora Ebrard busca ser el coordinador de campa\u00f1a de L\u00f3pez Obrador el a\u00f1o entrante, ya no quiere la candidatura a la presidencia en el corto plazo, sino la secretar\u00eda de gobernaci\u00f3n con el tabasque\u00f1o. Esto \u00faltimo lo dice el periodista alem\u00e1n Bas Van Lier, quien tambi\u00e9n anuncia al ex jefe de gobierno del DF como uno de los oradores principales en un evento organizado por activistas contra el cambio clim\u00e1tico los pr\u00f3ximos 23 y 24 de mayo en Amsterdam, Holanda. Eso si la Interpol no emite antes una ficha roja de localizaci\u00f3n. Mientras tanto, Marcelo Ebrard sue\u00f1a, sue\u00f1a con la impunidad valiente. <br \/>Periscopio<br \/>Cada vez es m\u00e1s evidente la cargada a favor del proyecto pol\u00edtico de Andr\u00e9s Manuel L\u00f3pez Obrador. El encuentro entre Delfina y la SNTE, es una muestra de la alineaci\u00f3n de los astros en su favor. <br \/>En el radar<br \/>Se sabe que Ren\u00e9 Cervera era el brazo pol\u00edtico operador de Marcelo Ebrard en M\u00e9xico hasta que se pelearon por la curul que ocupa Cervera por el MC en la C\u00e1mara de Diputados. Chelito se enoj\u00f3 porque quer\u00eda legislar v\u00eda Whatsapp la segunda mitad del mandato, a\u00f1o y medio, v\u00eda el suplente pero no lo dejaron. <\/p>\n","protected":false},"excerpt":{"rendered":"<p>Submarino Pol\u00edticoAhora Ebrard busca ser el coordinador de campa\u00f1a de L\u00f3pez Obrador el a\u00f1o entrante, ya no quiere la candidatura a la presidencia en el corto plazo, sino la secretar\u00eda de gobernaci\u00f3n con el tabasque\u00f1o<\/p>\n","protected":false},"author":93,"featured_media":0,"comment_status":"open","ping_status":"open","sticky":false,"template":"","format":"standard","meta":{"footnotes":""},"categories":[42],"tags":[],"class_list":["post-41211","post","type-post","status-publish","format-standard","hentry","category-nuestrapalabra"],"_links":{"self":[{"href":"https:\/\/plazajuarez.mx\/historico\/wp-json\/wp\/v2\/posts\/41211","targetHints":{"allow":["GET"]}}],"collection":[{"href":"https:\/\/plazajuarez.mx\/historico\/wp-json\/wp\/v2\/posts"}],"about":[{"href":"https:\/\/plazajuarez.mx\/historico\/wp-json\/wp\/v2\/types\/post"}],"author":[{"embeddable":true,"href":"https:\/\/plazajuarez.mx\/historico\/wp-json\/wp\/v2\/users\/93"}],"replies":[{"embeddable":true,"href":"https:\/\/plazajuarez.mx\/historico\/wp-json\/wp\/v2\/comments?post=41211"}],"version-history":[{"count":0,"href":"https:\/\/plazajuarez.mx\/historico\/wp-json\/wp\/v2\/posts\/41211\/revisions"}],"wp:attachment":[{"href":"https:\/\/plazajuarez.mx\/historico\/wp-json\/wp\/v2\/media?parent=41211"}],"wp:term":[{"taxonomy":"category","embeddable":true,"href":"https:\/\/plazajuarez.mx\/historico\/wp-json\/wp\/v2\/categories?post=41211"},{"taxonomy":"post_tag","embeddable":true,"href":"https:\/\/plazajuarez.mx\/historico\/wp-json\/wp\/v2\/tags?post=41211"}],"curies":[{"name":"wp","href":"https:\/\/api.w.org\/{rel}","templated":true}]}}