{"id":41207,"date":"2017-05-15T11:40:48","date_gmt":"2017-05-15T11:40:48","guid":{"rendered":"http:\/\/plazajuarez.mx\/index\/index.php\/2017\/05\/15\/construcciones-industriales-tapia-apoya-con-techado-de-patio-civico-y-juegos-infantiles\/"},"modified":"2017-05-15T11:40:48","modified_gmt":"2017-05-15T11:40:48","slug":"construcciones-industriales-tapia-apoya-con-techado-de-patio-civico-y-juegos-infantiles","status":"publish","type":"post","link":"https:\/\/plazajuarez.mx\/historico\/construcciones-industriales-tapia-apoya-con-techado-de-patio-civico-y-juegos-infantiles\/","title":{"rendered":"Construcciones Industriales Tapia apoya con techado de patio c\u00edvico y juegos infantiles"},"content":{"rendered":"<p>ATITALAQUIA<br \/>Alrededor de 100 infantes del Jard\u00edn de ni\u00f1os \u201cAntonio Ma. Bucareli y Urzua\u201d beneficiados <\/p>\n<p>  <!--more-->  <\/p>\n<p>Atitalaquia.- Autoridades municipales, educativas, personal docente, padres de familia y alumnos agradecieron a la empresa Construcciones Industriales Tapia el haber apoyado al jard\u00edn de ni\u00f1os \u201cAntonio Ma. Bucareli y Urz\u00faa\u201d, con el techado del patio c\u00edvico, as\u00ed como con juegos infantiles, con lo que se mejoraran las condiciones de estudio de los\u00a0 cerca de cien alumnos que conforman el plantel ubicado en la comunidad de Tezoquipa.<br \/>A nombre del municipio la alcaldesa Mar\u00eda Antonieta Jim\u00e9nez Herrera, quien adem\u00e1s de inaugurar el techado del patio c\u00edvico, los juegos infantiles y un bebedero, inaugur\u00f3 la obra del embanquetado con el que apoy\u00f3 la presidencia municipal, como parte de las diversas mejoras que se hicieron a la instituci\u00f3n en los \u00faltimos meses.<br \/>Jim\u00e9nez Herrera agradeci\u00f3 al gerente general de Construcciones Industriales Tapia, Juan Carlos Vargas a trav\u00e9s de su representante, Luis S\u00e1nchez Capilla, el conjuntar esfuerzos con el municipio y los padres de familia para que el plantel mejore su infraestructura.<br \/>Dijo que el progreso de los pueblos est\u00e1 en formar ni\u00f1os y j\u00f3venes y que bien val\u00eda la pena que las empresas contribuyan a brindar mejores condiciones educativas y que en un futuro seguramente cuando se conviertan en profesionistas emplear\u00e1n sabedores de que son personas \u00fatiles a la sociedad.\u00a0 \u00a0<br \/>Para agradecer los apoyos alumnos y padres de familia dirigieron emotivas palabras tanto a las empresas como al gobierno municipal, adem\u00e1s de que se hizo entrega de reconocimientos por sumarse al mejoramiento de infraestructura educativa en este caso del jard\u00edn de ni\u00f1os \u201cAntonio Ma. Bucareli y Arz\u00faa\u201d. <br \/>Por su parte, Luis S\u00e1nchez Capilla representaci\u00f3n de Construcciones Industriales Tapia, dijo que la instrucci\u00f3n del director general es apoyar principalmente a las instituciones educativas, al ser la base fundamental de las comunidades y colonias.<br \/>Coment\u00f3 que la empresa atendi\u00f3 la solicitud para concluir los trabajos del techado del patio c\u00edvico, as\u00ed como la instalaci\u00f3n de juegos infantiles, ya que el plantel solo contaba con una resbaladilla y que los peque\u00f1itos se peleaban por ella, y reiteraron el apoyo de la empresa al municipio y a los j\u00f3venes y ni\u00f1os.\u00a0 \u00a0<br \/>Durante el evento estuvieron presentes tambi\u00e9n, el s\u00edndico Demetrio Fidel Cort\u00e9s Cer\u00f3n,\u00a0 el director de Obras P\u00fablicas,\u00a0 Juan Fernando Ram\u00edrez Rend\u00f3n; la supervisora de la zona 91, Mar\u00eda de Jes\u00fas Mart\u00ednez Reyes; la directora del plantel Silvia Ram\u00edrez Cornejo, as\u00ed como los integrantes del Comit\u00e9 de la Asociaci\u00f3n de Padres de Familia entre otros.<br \/>Por \u00faltimo, los padres de familia ofrecieron a las empresas que se sumaron a los apoyos una comida e hicieron votos porque no sea la primera vez que las empresas y el municipio apoyen a la instituci\u00f3n en la que fijan los cimientos de buenos ciudadanos.<\/p>\n","protected":false},"excerpt":{"rendered":"<p>ATITALAQUIAAlrededor de 100 infantes del Jard\u00edn de ni\u00f1os \u201cAntonio Ma. Bucareli y Urzua\u201d beneficiados<\/p>\n","protected":false},"author":93,"featured_media":0,"comment_status":"open","ping_status":"open","sticky":false,"template":"","format":"standard","meta":{"footnotes":""},"categories":[40],"tags":[],"class_list":["post-41207","post","type-post","status-publish","format-standard","hentry","category-region"],"_links":{"self":[{"href":"https:\/\/plazajuarez.mx\/historico\/wp-json\/wp\/v2\/posts\/41207","targetHints":{"allow":["GET"]}}],"collection":[{"href":"https:\/\/plazajuarez.mx\/historico\/wp-json\/wp\/v2\/posts"}],"about":[{"href":"https:\/\/plazajuarez.mx\/historico\/wp-json\/wp\/v2\/types\/post"}],"author":[{"embeddable":true,"href":"https:\/\/plazajuarez.mx\/historico\/wp-json\/wp\/v2\/users\/93"}],"replies":[{"embeddable":true,"href":"https:\/\/plazajuarez.mx\/historico\/wp-json\/wp\/v2\/comments?post=41207"}],"version-history":[{"count":0,"href":"https:\/\/plazajuarez.mx\/historico\/wp-json\/wp\/v2\/posts\/41207\/revisions"}],"wp:attachment":[{"href":"https:\/\/plazajuarez.mx\/historico\/wp-json\/wp\/v2\/media?parent=41207"}],"wp:term":[{"taxonomy":"category","embeddable":true,"href":"https:\/\/plazajuarez.mx\/historico\/wp-json\/wp\/v2\/categories?post=41207"},{"taxonomy":"post_tag","embeddable":true,"href":"https:\/\/plazajuarez.mx\/historico\/wp-json\/wp\/v2\/tags?post=41207"}],"curies":[{"name":"wp","href":"https:\/\/api.w.org\/{rel}","templated":true}]}}