{"id":41205,"date":"2017-05-15T11:39:30","date_gmt":"2017-05-15T11:39:30","guid":{"rendered":"http:\/\/plazajuarez.mx\/index\/index.php\/2017\/05\/15\/vecinos-de-el-mezquite-trabajan-con-pico-y-pala-para-construir-su-propio-camino\/"},"modified":"2017-05-15T11:39:30","modified_gmt":"2017-05-15T11:39:30","slug":"vecinos-de-el-mezquite-trabajan-con-pico-y-pala-para-construir-su-propio-camino","status":"publish","type":"post","link":"https:\/\/plazajuarez.mx\/historico\/vecinos-de-el-mezquite-trabajan-con-pico-y-pala-para-construir-su-propio-camino\/","title":{"rendered":"Vecinos de El Mezquite Trabajan con \u201cpico y pala\u201d para construir su propio camino"},"content":{"rendered":"<p>ZIMAP\u00c1N<\/p>\n<p>  <!--more-->  <\/p>\n<p>Zimap\u00e1n. El gobierno municipal de Zimap\u00e1n, busca soluciones para apoyar a los vecinos de El Mezquite, la localidad m\u00e1s alejada del municipio, donde el rezago es determinante, pues no se cuenta con un camino que conduzca al poblado. <br \/>De acuerdo a la alcald\u00eda, a trav\u00e9s de la Secretar\u00eda de Desarrollo Agrario, Territorial y Urbano (Sedatu), se est\u00e1 buscando una soluci\u00f3n, pues la dispersi\u00f3n del poblado dificulta, no solo al gobierno municipal, sino el estado y la propia federaci\u00f3n, poder llevarles los servicios. <br \/>Se reconoci\u00f3, que la comunidad no cuenta con un camino que comunique al poblado, sin embargo para el gobierno del municipio, le es imposible construirlo, pues representa una inversi\u00f3n millonaria que no es posible solventar. <br \/>Aunque la necesidad es muy grande, se inform\u00f3 que se trabaja en un plan de acci\u00f3n que se espera en breve pueda concretarse para ayudar a los vecinos de esta localidad, la m\u00e1s alejada territorialmente del municipio. <br \/>En tanto, los vecinos de la comunidad de El Mezquite, trabajan mediante labor comunitaria, con \u201cpico y pala\u201d construyendo su propio camino, subrayan, que no pueden continuar viviendo en las mismas condiciones, por ello solicitan al Gobernador, Omar Fayad, los apoye con la construcci\u00f3n de su acceso de terracer\u00eda. <br \/>Explicaron los vecinos, que deben caminar hasta dos horas para poder llegar de la carretera hasta su comunidad, pues el camino que gobierno del estado les comprometi\u00f3 fue desde el 2009, al cual le han dado seguimiento en las gestiones pero no han obtenido ninguna respuesta, por lo que exigen sean ayudados. <br \/>Las condiciones de vida en la localidad son de por s\u00ed precarias, pero se suma a la inexistencia de un camino, lo cual les complica a\u00fan m\u00e1s la existencia, porque padecen para llevar comida, la salud, entre otras necesidades, adem\u00e1s que carecen de los servicios b\u00e1sicos. <\/p>\n","protected":false},"excerpt":{"rendered":"<p>ZIMAP\u00c1N<\/p>\n","protected":false},"author":93,"featured_media":0,"comment_status":"open","ping_status":"open","sticky":false,"template":"","format":"standard","meta":{"footnotes":""},"categories":[40],"tags":[],"class_list":["post-41205","post","type-post","status-publish","format-standard","hentry","category-region"],"_links":{"self":[{"href":"https:\/\/plazajuarez.mx\/historico\/wp-json\/wp\/v2\/posts\/41205","targetHints":{"allow":["GET"]}}],"collection":[{"href":"https:\/\/plazajuarez.mx\/historico\/wp-json\/wp\/v2\/posts"}],"about":[{"href":"https:\/\/plazajuarez.mx\/historico\/wp-json\/wp\/v2\/types\/post"}],"author":[{"embeddable":true,"href":"https:\/\/plazajuarez.mx\/historico\/wp-json\/wp\/v2\/users\/93"}],"replies":[{"embeddable":true,"href":"https:\/\/plazajuarez.mx\/historico\/wp-json\/wp\/v2\/comments?post=41205"}],"version-history":[{"count":0,"href":"https:\/\/plazajuarez.mx\/historico\/wp-json\/wp\/v2\/posts\/41205\/revisions"}],"wp:attachment":[{"href":"https:\/\/plazajuarez.mx\/historico\/wp-json\/wp\/v2\/media?parent=41205"}],"wp:term":[{"taxonomy":"category","embeddable":true,"href":"https:\/\/plazajuarez.mx\/historico\/wp-json\/wp\/v2\/categories?post=41205"},{"taxonomy":"post_tag","embeddable":true,"href":"https:\/\/plazajuarez.mx\/historico\/wp-json\/wp\/v2\/tags?post=41205"}],"curies":[{"name":"wp","href":"https:\/\/api.w.org\/{rel}","templated":true}]}}