{"id":41006,"date":"2017-05-11T12:00:08","date_gmt":"2017-05-11T12:00:08","guid":{"rendered":"http:\/\/plazajuarez.mx\/index\/index.php\/2017\/05\/11\/mexico-requiere-una-ley-de-seguridad-interior\/"},"modified":"2017-05-11T12:00:08","modified_gmt":"2017-05-11T12:00:08","slug":"mexico-requiere-una-ley-de-seguridad-interior","status":"publish","type":"post","link":"https:\/\/plazajuarez.mx\/historico\/mexico-requiere-una-ley-de-seguridad-interior\/","title":{"rendered":"M\u00e9xico requiere una Ley de Seguridad Interior"},"content":{"rendered":"<p>La violencia y la inseguridad causadas por el crimen organizado han alcanzado niveles tan peligrosos que amenazan la viabilidad de nuestra Rep\u00fablica<\/p>\n<p>  <!--more-->  <\/p>\n<p>Los condenables hechos que se dieron en Puebla la semana pasada con los huachicoleros (as\u00ed se conoce a las bandas dedicadas al lucrativo negocio del robo de combustibles), en los que lamentablemente perdieron la vida cuatro miembros de nuestras Fuerzas Armadas, nos deben hacer ver la necesidad que tenemos de contar con un marco legal adecuado para su actuaci\u00f3n en tareas que corresponden y deber\u00edan estar llevando a cabo, en primera instancia, las autoridades civiles. La violencia y la inseguridad causadas por el crimen organizado han alcanzado niveles tan peligrosos que amenazan la viabilidad de nuestra Rep\u00fablica. No pueden seguir las cosas como est\u00e1n: se requiere llenar el vac\u00edo legal existente, y esto se puede lograr con una Ley de Seguridad Interior, para la que ya existen en comisiones de ambas c\u00e1maras del Congreso, distintas iniciativas.<br \/>En muchos lugares de nuestro pa\u00eds, las Fuerzas Armadas llevan a cabo una serie de tareas en materia de seguridad que les corresponden y deber\u00edan de estar siendo realizadas por los cuerpos policiacos de los gobiernos locales. Esto no sucede as\u00ed, porque estos cuerpos policiacos estatales y municipales, o bien no tienen la preparaci\u00f3n y el equipamiento adecuado, o han sido cooptados por las organizaciones criminales. Ante el crecimiento cualitativo y cuantitativo de la violencia de tipo criminal y la falta de confianza en las instituciones de seguridad p\u00fablica y procuraci\u00f3n de justicia en el \u00e1mbito local, el Presidente de la Rep\u00fablica, en uso de sus atribuciones constitucionales, ha accedido a que instancias federales, muy en particular las Fuerzas Armadas, hagan las veces de esas instancias civiles para enfrentarlos. Hay muchos municipios en el pa\u00eds en los que no hay un solo polic\u00eda municipal, las tareas que corresponden a la polic\u00eda municipal, las lleva a cabo el Ej\u00e9rcito o la Marina. <br \/>El tema se est\u00e1 volviendo un c\u00edrculo vicioso: los gobiernos locales piden el auxilio de la Federaci\u00f3n porque solos no pueden hacer frente a las bandas delincuenciales, pero, en la mayor\u00eda de los casos, no hacen mayor cosa para tener en sus entidades federativas polic\u00edas m\u00e1s capacitadas que pasen los controles de confianza, ya que les resulta m\u00e1s sencillo pedir el auxilio del gobierno federal. La falta de capacidad de los gobiernos locales para enfrentar al crimen organizado ha hecho que sean la Polic\u00eda Federal, el Ej\u00e9rcito y la Marina, los que realicen las funciones que le corresponden a las autoridades civiles, sin que el marco para su actuaci\u00f3n sea lo suficientemente claro. Y, si las cosas siguen as\u00ed, todos nos preguntamos: \u00bfHasta cu\u00e1ndo podr\u00e1n regresar nuestras Fuerzas Armadas a sus cuarteles? \u00bfLlegar\u00e1 el d\u00eda en que los gobiernos locales puedan retomar sus responsabilidades en materia de seguridad? \u00bfDe qui\u00e9n va a ser la decisi\u00f3n: de los gobiernos locales o, del gobierno federal? Si no existen corporaciones locales competentes, las Fuerzas Armadas no pueden retirarse dejando indefensa a la poblaci\u00f3n frente a las bandas criminales.<br \/>La complejidad del tema nos hace obligatorio el contar con una legislaci\u00f3n actualizada. Desde mi punto de vista, esto se puede lograr con una Ley de Seguridad Interior. Las Fuerzas Armadas, por su disciplina lealtad y profesionalismo, son lo mejor que tiene M\u00e9xico para enfrentar los desaf\u00edos que imponen las bandas del crimen organizado, pero tenemos que reconocer que han sufrido un gran desgaste. Es indispensable contar con un marco regulatorio que d\u00e9 seguridad jur\u00eddica a su actuaci\u00f3n y que al mismo tiempo incentive a los gobiernos locales para que, en un tiempo perentorio, cuenten con polic\u00edas civiles debidamente capacitadas y certificadas que vengan a hacer las funciones que hoy realizan con mucha generosidad las Fuerzas Armadas; s\u00f3lo as\u00ed, podremos construir un pa\u00eds m\u00e1s seguro. <\/p>\n<p>Twitter: @jglezmorfin<\/p>\n","protected":false},"excerpt":{"rendered":"<p>La violencia y la inseguridad causadas por el crimen organizado han alcanzado niveles tan peligrosos que amenazan la viabilidad de nuestra Rep\u00fablica<\/p>\n","protected":false},"author":93,"featured_media":0,"comment_status":"open","ping_status":"open","sticky":false,"template":"","format":"standard","meta":{"footnotes":""},"categories":[42],"tags":[],"class_list":["post-41006","post","type-post","status-publish","format-standard","hentry","category-nuestrapalabra"],"_links":{"self":[{"href":"https:\/\/plazajuarez.mx\/historico\/wp-json\/wp\/v2\/posts\/41006","targetHints":{"allow":["GET"]}}],"collection":[{"href":"https:\/\/plazajuarez.mx\/historico\/wp-json\/wp\/v2\/posts"}],"about":[{"href":"https:\/\/plazajuarez.mx\/historico\/wp-json\/wp\/v2\/types\/post"}],"author":[{"embeddable":true,"href":"https:\/\/plazajuarez.mx\/historico\/wp-json\/wp\/v2\/users\/93"}],"replies":[{"embeddable":true,"href":"https:\/\/plazajuarez.mx\/historico\/wp-json\/wp\/v2\/comments?post=41006"}],"version-history":[{"count":0,"href":"https:\/\/plazajuarez.mx\/historico\/wp-json\/wp\/v2\/posts\/41006\/revisions"}],"wp:attachment":[{"href":"https:\/\/plazajuarez.mx\/historico\/wp-json\/wp\/v2\/media?parent=41006"}],"wp:term":[{"taxonomy":"category","embeddable":true,"href":"https:\/\/plazajuarez.mx\/historico\/wp-json\/wp\/v2\/categories?post=41006"},{"taxonomy":"post_tag","embeddable":true,"href":"https:\/\/plazajuarez.mx\/historico\/wp-json\/wp\/v2\/tags?post=41006"}],"curies":[{"name":"wp","href":"https:\/\/api.w.org\/{rel}","templated":true}]}}