{"id":41004,"date":"2017-05-11T11:59:39","date_gmt":"2017-05-11T11:59:39","guid":{"rendered":"http:\/\/plazajuarez.mx\/index\/index.php\/2017\/05\/11\/alivio-para-la-endemia-del-estilo-americano\/"},"modified":"2017-05-11T11:59:39","modified_gmt":"2017-05-11T11:59:39","slug":"alivio-para-la-endemia-del-estilo-americano","status":"publish","type":"post","link":"https:\/\/plazajuarez.mx\/historico\/alivio-para-la-endemia-del-estilo-americano\/","title":{"rendered":"Alivio para la endemia del \u201cestilo americano\u201d"},"content":{"rendered":"<p>Hubo un tiempo en que se asumi\u00f3 incluso en nuestra Am\u00e9rica la arrogancia por la cual Estados Unidos se apropi\u00f3 del gentilicio com\u00fan de americano que nos corresponde a todos en este continente<\/p>\n<p>  <!--more-->  <\/p>\n<p>\u00bfDique al populismo? La esfera p\u00fablica mexicana recuper\u00f3 un inter\u00e9s que hac\u00eda tiempo no le despertaban las elecciones francesas. Pero esta vez no fue con el entusiasmo de otras \u00e9pocas: aquellos grandes momentos de reconstrucci\u00f3n y reconciliaci\u00f3n nacional de las campa\u00f1as espectaculares de De Gaulle (hasta que perdi\u00f3 el piso tras el Mayo del 68). O, m\u00e1s tarde, el brillante despliegue del programa socialista de Mitterrand con el slogan \u2018Libertad, Libertades\u2019. Esta vez, lo que desde el domingo pasado mantiene activa la conversaci\u00f3n mexicana sobre Francia, a trav\u00e9s de WhatsApps, e mails, tel\u00e9fonos, redes y medios, es el alivio ante el horror que despertaba un eventual triunfo del populismo ultranacionalista, anti migrantes y anti Europeo de Le Pen. <br \/>Se tem\u00edan aqu\u00ed repercusiones de los efectos de la inestabilidad econ\u00f3mica y desarreglo geopol\u00edtico que acarrear\u00eda un resultado as\u00ed. Pero tambi\u00e9n se hac\u00edan cuentas \u00bfalegres? sobre el supuesto de que el triunfo de Macron significar\u00eda un dique ante la ola del nacional populismo que a escala global encabeza Trump y alienta Putin, y de la que M\u00e9xico no se encuentra a salvo. Hay, sin embargo, un agente transmisor de ese mal que irrumpi\u00f3 en Francia: la endemia de las campa\u00f1as electorales \u2018al estilo americano\u2019 de esta era de Trump: el monstruo de dos cabezas de la falsificaci\u00f3n y el populismo, como lo llam\u00f3 ayer Hugo Rifkind en The Times de Londres. <br \/>Es un estilo que fractura pa\u00edses y envenena el debate p\u00fablico con mentiras, calumnias y ofensas. Adultera elecciones, siembra de histeria los procesos y construye enemigos a quienes hackea sus cuentas y los encarniza por su origen, sus posturas o su partido. Se trata de un estilo que, ya en el poder, mina los frenos y contrapesos del sistema democr\u00e1tico atacando a jueces y tratando de imponerle sus slogans de campa\u00f1a al Congreso; coloca a la familia del mandam\u00e1s en posiciones clave de decisi\u00f3n p\u00fablica; amaga las libertades informativas y de opini\u00f3n de los medios e impone la agenda diaria de la conversaci\u00f3n p\u00fablica con una bater\u00eda de twits al amanecer. Esto \u00faltimo ser\u00eda la versi\u00f3n actual de las eficaces conferencias ma\u00f1aneras de AMLO en el gobierno del entonces DF, la d\u00e9cada pasada.<br \/>Del ideal a la peste. Hubo un tiempo en que se asumi\u00f3 incluso en nuestra Am\u00e9rica la arrogancia por la cual Estados Unidos se apropi\u00f3 del gentilicio com\u00fan de americano que nos corresponde a todos en este continente. Un tiempo, prolongado, en que adem\u00e1s se habl\u00f3 del \u2018estilo americano\u2019 de elegir y deponer gobernantes, como el ideal al que deb\u00eda aspirar el mundo. Quiz\u00e1s esta idealizaci\u00f3n del sistema estadounidense parti\u00f3 de una lectura incompleta de La democracia en Am\u00e9rica, la obra de Tocqueville que deslumbr\u00f3 a Europa desde los a\u00f1os treinta del siglo XIX.<br \/>Con altibajos, la alta valoraci\u00f3n de ese \u2018estilo americano\u2019 lleg\u00f3 hasta los sesenta del siglo XX, en que aquel ideal se empez\u00f3 a despostillar en la \u2018aldea global\u2019 conformada por una televisi\u00f3n, que, primero, coloc\u00f3 en el planeta el glamour de la campa\u00f1a que meti\u00f3 a Kennedy a la Casa Blanca y luego nos transmiti\u00f3 en vivo el balazo que lo sac\u00f3. Luego vendr\u00edan en tiempo real las trampas de Nixon y la caricatura de un mal actor hecho presidente, como Reagan, entre otros desfiguros de aquel ideal. Pero nunca, como en la campa\u00f1a francesa, se hab\u00eda identificado el \u2018estilo americano\u2019 \u2014el de la era de Trump\u2014 con la peste que carcome globalmente a la democracia.<br \/>No culpen a Tocqueville. Si de la lectura parcial de La democracia en Am\u00e9rica pudo partir la idealizaci\u00f3n del original \u2018estilo americano\u2019, la cuarta parte del libro ya anticipa con clarividencia las debilidades del Estado Democr\u00e1tico y \u201cqu\u00e9 clase de despotismo deben temer las naciones democr\u00e1ticas\u201d, como se titula el antepen\u00faltimo cap\u00edtulo (FCE, 2015). Su lectura actual parecer\u00eda alertar del enga\u00f1o antielitista de los populismos en el poder, de Trump a Maduro, con su idea de igualdad que deviene, dicho en palabras de Tocqueville, \u201cservidumbre\u201d, \u201cbarbarie\u201d y \u201cmiseria\u201d. <\/p>\n","protected":false},"excerpt":{"rendered":"<p>Hubo un tiempo en que se asumi\u00f3 incluso en nuestra Am\u00e9rica la arrogancia por la cual Estados Unidos se apropi\u00f3 del gentilicio com\u00fan de americano que nos corresponde a todos en este continente<\/p>\n","protected":false},"author":93,"featured_media":0,"comment_status":"open","ping_status":"open","sticky":false,"template":"","format":"standard","meta":{"footnotes":""},"categories":[42],"tags":[],"class_list":["post-41004","post","type-post","status-publish","format-standard","hentry","category-nuestrapalabra"],"_links":{"self":[{"href":"https:\/\/plazajuarez.mx\/historico\/wp-json\/wp\/v2\/posts\/41004","targetHints":{"allow":["GET"]}}],"collection":[{"href":"https:\/\/plazajuarez.mx\/historico\/wp-json\/wp\/v2\/posts"}],"about":[{"href":"https:\/\/plazajuarez.mx\/historico\/wp-json\/wp\/v2\/types\/post"}],"author":[{"embeddable":true,"href":"https:\/\/plazajuarez.mx\/historico\/wp-json\/wp\/v2\/users\/93"}],"replies":[{"embeddable":true,"href":"https:\/\/plazajuarez.mx\/historico\/wp-json\/wp\/v2\/comments?post=41004"}],"version-history":[{"count":0,"href":"https:\/\/plazajuarez.mx\/historico\/wp-json\/wp\/v2\/posts\/41004\/revisions"}],"wp:attachment":[{"href":"https:\/\/plazajuarez.mx\/historico\/wp-json\/wp\/v2\/media?parent=41004"}],"wp:term":[{"taxonomy":"category","embeddable":true,"href":"https:\/\/plazajuarez.mx\/historico\/wp-json\/wp\/v2\/categories?post=41004"},{"taxonomy":"post_tag","embeddable":true,"href":"https:\/\/plazajuarez.mx\/historico\/wp-json\/wp\/v2\/tags?post=41004"}],"curies":[{"name":"wp","href":"https:\/\/api.w.org\/{rel}","templated":true}]}}