{"id":40886,"date":"2017-05-09T11:39:10","date_gmt":"2017-05-09T11:39:10","guid":{"rendered":"http:\/\/plazajuarez.mx\/index\/index.php\/2017\/05\/09\/laguna-de-voces-219\/"},"modified":"2017-05-09T11:39:10","modified_gmt":"2017-05-09T11:39:10","slug":"laguna-de-voces-219","status":"publish","type":"post","link":"https:\/\/plazajuarez.mx\/historico\/laguna-de-voces-219\/","title":{"rendered":"LAGUNA DE VOCES"},"content":{"rendered":"<p>Agua de lluvia para el alma<\/p>\n<p>  <!--more-->  <\/p>\n<p>La lluvia apacienta los campos tatemados por la calor que parec\u00eda nunca dejar\u00eda de embrocarse sobre la tierra ceniza. Es un respiro en el mes de mayo y las noches por fin se convierten en el mar con el chapoteo de las gotas que caen de las azoteas, en tanto que el viento leve como un soplo en la nuca, repite con calma la oraci\u00f3n de los ni\u00f1os que se van a dormir.<br \/>\u00a0\u00a0 \u00a0Igual sucede con las personas que necesitan agua del cielo para purificarse el coraz\u00f3n. Por eso se asoman cuando, despu\u00e9s de un largo y doloroso estiaje, el cielo deja en claro que har\u00e1 caer lluvia sin distingo. Y se les ve quitados de la pena cuando ni\u00f1os en el rito generoso de brincar sobre los charcos, y luego esperar ser los primeros en recibir el ba\u00f1o de nubes lloronas.<br \/>\u00a0\u00a0 \u00a0Resulta que es cierto. Que apenas nos miran a los ojos est\u00e1n resplandecientes, nuevos como reci\u00e9n salidos de la f\u00e1brica, tan limpios del alma que nadie se atreve a sostenerles la mirada.<br \/>\u00a0\u00a0 \u00a0Con el tiempo pocos, casi nadie, conserva la costumbre de salir apenas una gotas golpean los techos de la casa, tomar al reci\u00e9n nacido que se les cruce en su camino y argumentar con absoluta seguridad que deben recibir agua de lluvia en la cara, porque es el modo m\u00e1s certero de que Dios los bendiga.<br \/>\u00a0\u00a0 \u00a0Mi padre ten\u00eda esa costumbre, y Tania primero, luego Javier y por \u00faltimo Mariana salieron sin cobijas en sus brazos para hacer honor a la historia m\u00e1gica del pueblo que pod\u00eda explicar todo, absolutamente todo, con la transparencia del cielo.<br \/>\u00a0\u00a0 \u00a0\u00c9l siempre tuvo la seguridad de que la vida apenas era el comienzo de una gigantesca aventura, de que sus difuntos lo acompa\u00f1ar\u00edan a donde fuera, y que con m\u00e1s de uno tendr\u00eda que arreglar cuentas, pero sin temor, mucho menos miedo, porque su coraz\u00f3n de hombre de campo le dec\u00eda que el principio y el final siempre acaban por encontrarse.<br \/>\u00a0\u00a0 \u00a0Los d\u00edas de lluvia adem\u00e1s aceleran el pulso de los recuerdos, nos traen de vuelta la historia particular que nos hace ser lo que somos y apacientan el alma cuando empezamos a pensar, de nueva cuenta, que todo es una carrera absurda hacia la nada.<br \/>\u00a0\u00a0 \u00a0El agua de las nubes otorga capacidades ilimitadas a las personas que conservan el alma pueblerina. Por principio les da la capacidad de ser transparentes, y sus ojos una oportunidad \u00fanica de mirar el alma, que igual al coraz\u00f3n, late, brinca y se r\u00ede.<br \/>\u00a0\u00a0 \u00a0No hay alma m\u00e1s escandalosa que la de mujeres de pueblo, y con un sentido de festividad que la lluvia nutre como las milpas.<br \/>\u00a0\u00a0 \u00a0De vez en cuando, si la tos y la gripe no lo impiden, deber\u00edamos salir al patio, a la calle apenas se asome la primera gota de lluvia; poner la cara al cielo y empezar a creer que algo m\u00e1gico, \u00fanico, se colar\u00e1 por los ojos hasta el alma, y har\u00e1 que florezca con hojas reci\u00e9n nacidas para mecerse con el aire del mar que son las nubes.<br \/>\u00a0\u00a0 \u00a0Eso hace falta.<br \/>\u00a0\u00a0 \u00a0Porque de lo contrario las lluvias solo ser\u00e1n molestia, charcos, taxistas gandallas que gustan de ba\u00f1ar a los que esperan el autob\u00fas, baches en una ciudad que se llama Bachuca, tragedias en la Sierra y la Huasteca donde se construyen casas debajo de los cerros polvorones.<br \/>\u00a0\u00a0 \u00a0Es decir que simplemente ser\u00e1 una realidad amarga.<br \/>\u00a0\u00a0 \u00a0Y lo otro es asunto de magia, de saber que la tierra es sabia en sus decisiones, y que refrescar los recuerdos, la melancol\u00eda a lo mejor, es sin embargo el mejor camino para constatar todas las veces que as\u00ed sea necesario, el valor absoluto del agua de lluvia para el alma que amorosa brinca del pecho y se mira en los ojos reci\u00e9n ba\u00f1ados de mar.<\/p>\n<p>Mil gracias, hasta ma\u00f1ana.<br \/>jeperalta@plazajuarez.mx\/historico\/historico<br \/>twitter: @JavierEPeralta<\/p>\n<p>CITA:<br \/>Mi padre ten\u00eda esa costumbre, y Tania primero, luego Javier y por \u00faltimo Mariana salieron sin cobijas en sus brazos para hacer honor a la historia m\u00e1gica del pueblo que pod\u00eda explicar todo, absolutamente todo, con la transparencia del cielo.<br \/>\u00a0\u00a0 \u00a0\u00c9l siempre tuvo la seguridad de que la vida apenas era el comienzo de una gigantesca aventura, de que sus difuntos lo acompa\u00f1ar\u00edan a donde fuera, y que con m\u00e1s de uno tendr\u00eda que arreglar cuentas, pero sin temor, mucho menos miedo, porque su coraz\u00f3n de hombre de campo le dec\u00eda que el principio y el final siempre acaban por encontrarse.<br \/>\u00a0\u00a0 \u00a0<br \/>\u00a0\u00a0 \u00a0<br \/>\u00a0\u00a0 \u00a0<br \/>\u00a0\u00a0 \u00a0<\/p>\n","protected":false},"excerpt":{"rendered":"<p>Agua de lluvia para el alma<\/p>\n","protected":false},"author":93,"featured_media":0,"comment_status":"open","ping_status":"open","sticky":false,"template":"","format":"standard","meta":{"footnotes":""},"categories":[49],"tags":[],"class_list":["post-40886","post","type-post","status-publish","format-standard","hentry","category-javier-peralta"],"_links":{"self":[{"href":"https:\/\/plazajuarez.mx\/historico\/wp-json\/wp\/v2\/posts\/40886","targetHints":{"allow":["GET"]}}],"collection":[{"href":"https:\/\/plazajuarez.mx\/historico\/wp-json\/wp\/v2\/posts"}],"about":[{"href":"https:\/\/plazajuarez.mx\/historico\/wp-json\/wp\/v2\/types\/post"}],"author":[{"embeddable":true,"href":"https:\/\/plazajuarez.mx\/historico\/wp-json\/wp\/v2\/users\/93"}],"replies":[{"embeddable":true,"href":"https:\/\/plazajuarez.mx\/historico\/wp-json\/wp\/v2\/comments?post=40886"}],"version-history":[{"count":0,"href":"https:\/\/plazajuarez.mx\/historico\/wp-json\/wp\/v2\/posts\/40886\/revisions"}],"wp:attachment":[{"href":"https:\/\/plazajuarez.mx\/historico\/wp-json\/wp\/v2\/media?parent=40886"}],"wp:term":[{"taxonomy":"category","embeddable":true,"href":"https:\/\/plazajuarez.mx\/historico\/wp-json\/wp\/v2\/categories?post=40886"},{"taxonomy":"post_tag","embeddable":true,"href":"https:\/\/plazajuarez.mx\/historico\/wp-json\/wp\/v2\/tags?post=40886"}],"curies":[{"name":"wp","href":"https:\/\/api.w.org\/{rel}","templated":true}]}}