{"id":40497,"date":"2017-05-02T04:25:28","date_gmt":"2017-05-02T04:25:28","guid":{"rendered":"http:\/\/plazajuarez.mx\/index\/index.php\/2017\/05\/02\/futbol-nacional-708\/"},"modified":"2017-05-02T04:25:28","modified_gmt":"2017-05-02T04:25:28","slug":"futbol-nacional-708","status":"publish","type":"post","link":"https:\/\/plazajuarez.mx\/historico\/futbol-nacional-708\/","title":{"rendered":"Futbol Nacional"},"content":{"rendered":"<p>#PUMAS<br \/>Dar\u00edo Ver\u00f3n genera pol\u00e9mica por tweet<br \/>Todo esto se dio despu\u00e9s de la goleada de 4-0 que Morelia propin\u00f3 a los Pumas, en la jornada 16 en el Estadio Morelos. Enseguida, usuarios de Twitter comenzaron a inferir que el mensaje del defensa fue en relaci\u00f3n a que el cuadro universitario se dej\u00f3 ganar frente a Morelia<\/p>\n<p>  <!--more-->  <\/p>\n<p>DECLARACI\u00d3N EN TWITTER<br \/>\u201cS\u00f3lo acataban \u00f3rdenes y que sus compa\u00f1eros deb\u00edan mantener la cabeza en alto\u201d, Dar\u00edo Ver\u00f3n.<\/p>\n<p>\u00a0El defensa de los Pumas de la UNAM, Dar\u00edo Ver\u00f3n, se vio envuelto en la pol\u00e9mica luego de publicar un tweet y despu\u00e9s borrarlo la noche del s\u00e1bado pasado. El problema comenz\u00f3 cuando el defensa paraguayo escribi\u00f3 en la red social que ellos (Pumas) \u201cs\u00f3lo acataban \u00f3rdenes y que sus compa\u00f1eros deb\u00edan mantener la cabeza en alto\u201d.<br \/>Todo esto se dio despu\u00e9s de la goleada de 4-0 que Morelia propin\u00f3 a los Pumas, en la jornada 16 en el Estadio Morelos. Enseguida, usuarios de Twitter comenzaron a inferir que el mensaje del defensa fue en relaci\u00f3n a que el cuadro universitario se dej\u00f3 ganar frente al equipo michoacano, mismo que enfrenta problemas de descenso en la actual temporada; sin embargo, el periodista de Fox Sports, Fernando Schwartz mencion\u00f3 en el programa matutino de Agenda Fox Sports que la indirecta habr\u00eda sido para la directiva auriazul, la que seg\u00fan Ver\u00f3n ser\u00eda la culpable de la eliminaci\u00f3n del conjunto de la UNAM en el Clausura 2017, debido a los malos manejos dentro del club.<br \/>Dar\u00edo Ver\u00f3n a\u00fan no ha dado declaraciones por el pol\u00e9mico mensaje, pero se espera pronto salga a la luz la raz\u00f3n del mismo.<\/p>\n<p>**<br \/>FIEBRE DEL S\u00c1BADO POR LA NOCHE EN EL CIERRE DEL CLAUSURA 2017<br \/>La tard\u00eda definici\u00f3n del descenso, una posible eliminaci\u00f3n del Am\u00e9rica o unas Chivas que pelean por el liderato del torneo son algunos de los ingredientes que tendr\u00e1 la \u00faltima jornada, donde se vivir\u00e1 una \u201cFiebre de S\u00e1bado por la noche\u201d ya que cinco juegos de la \u00faltima jornada se jugar\u00e1n el s\u00e1bado 6 de mayo a las 21:00 horas. <br \/>En primer t\u00e9rmino, los tres equipos que se encuentran en el tema porcentual, Veracruz, Morelia y Chiapas, se juegan la categor\u00eda en calidad de visitantes: Veracruz visitar\u00e1 a los Xolos de Tijuana, mientras que Monarcas har\u00e1 lo mismo en Monterrey y Jaguares visitar\u00e1 al Atlas. Si Chiapas pierde su partido ser\u00e1 el equipo que descienda a la Liga de Ascenso. <br \/>Al mismo tiempo el Am\u00e9rica estar\u00e1 buscando su pase a la liguilla, cuando enfrente en la cancha del estadio Azteca al Pachuca. Si los Tuzos derrotan por dos goles a las \u00c1guilas ser\u00eda los hidalguenses los calificados y los azulcremas esperar\u00edan una serie de resultados para ver si se entran como el octavo invitado. Adem\u00e1s, Chivas podr\u00eda terminar como el l\u00edder del Clausura 2017 si logra la victoria sobre Necaxa y se combina con la derrota de Tijuana, y empates o derrotas de Monterrey, Atlas y Toluca. Se pronostica un fin de semana de muchas emociones.<\/p>\n<p>**<br \/>Alustiza a un partido de hacer historia con los Rojinegros del Atlas <br \/>El delantero argentino del Atlas, Mat\u00edas Alustiza, est\u00e1 cerca de hacer historia con el equipo Rojinegro. Con la anotaci\u00f3n del pasado s\u00e1bado en el Estadio Azteca, el &#8220;Chavo&#8221; ser\u00eda el primer campe\u00f3n de goleo en la historia del conjunto tapat\u00edo.<br \/>Alustiza comparte el liderato de goleo junto a cuatro jugadores: Avil\u00e9s Hurtado, Oribe Peralta, Ra\u00fal Ruid\u00edaz y Nicol\u00e1s Castillo; todos con ocho anotaciones buscan en la \u00faltima jornada el liderato de goleo del Clausura 2017.<br \/>Atlas y Alustiza enfrentan en el Estadio Jalisco a Jaguares de Chiapas, con la clasificaci\u00f3n ya asegurada, el atacante de los Zorros buscar\u00e1 estar en la cima de los goleadores del torneo.<\/p>\n","protected":false},"excerpt":{"rendered":"<p>#PUMASDar\u00edo Ver\u00f3n genera pol\u00e9mica por tweetTodo esto se dio despu\u00e9s de la goleada de 4-0 que Morelia propin\u00f3 a los Pumas, en la jornada 16 en el Estadio Morelos. Enseguida, usuarios de Twitter comenzaron a inferir que el mensaje del defensa fue en relaci\u00f3n a que el cuadro universitario se dej\u00f3 ganar frente a Morelia<\/p>\n","protected":false},"author":93,"featured_media":0,"comment_status":"open","ping_status":"open","sticky":false,"template":"","format":"standard","meta":{"footnotes":""},"categories":[39],"tags":[],"class_list":["post-40497","post","type-post","status-publish","format-standard","hentry","category-deportiva"],"_links":{"self":[{"href":"https:\/\/plazajuarez.mx\/historico\/wp-json\/wp\/v2\/posts\/40497","targetHints":{"allow":["GET"]}}],"collection":[{"href":"https:\/\/plazajuarez.mx\/historico\/wp-json\/wp\/v2\/posts"}],"about":[{"href":"https:\/\/plazajuarez.mx\/historico\/wp-json\/wp\/v2\/types\/post"}],"author":[{"embeddable":true,"href":"https:\/\/plazajuarez.mx\/historico\/wp-json\/wp\/v2\/users\/93"}],"replies":[{"embeddable":true,"href":"https:\/\/plazajuarez.mx\/historico\/wp-json\/wp\/v2\/comments?post=40497"}],"version-history":[{"count":0,"href":"https:\/\/plazajuarez.mx\/historico\/wp-json\/wp\/v2\/posts\/40497\/revisions"}],"wp:attachment":[{"href":"https:\/\/plazajuarez.mx\/historico\/wp-json\/wp\/v2\/media?parent=40497"}],"wp:term":[{"taxonomy":"category","embeddable":true,"href":"https:\/\/plazajuarez.mx\/historico\/wp-json\/wp\/v2\/categories?post=40497"},{"taxonomy":"post_tag","embeddable":true,"href":"https:\/\/plazajuarez.mx\/historico\/wp-json\/wp\/v2\/tags?post=40497"}],"curies":[{"name":"wp","href":"https:\/\/api.w.org\/{rel}","templated":true}]}}