{"id":40451,"date":"2017-04-30T06:30:46","date_gmt":"2017-04-30T06:30:46","guid":{"rendered":"http:\/\/plazajuarez.mx\/index\/index.php\/2017\/04\/30\/cada-vez-mas-bajo\/"},"modified":"2017-04-30T06:30:46","modified_gmt":"2017-04-30T06:30:46","slug":"cada-vez-mas-bajo","status":"publish","type":"post","link":"https:\/\/plazajuarez.mx\/historico\/cada-vez-mas-bajo\/","title":{"rendered":"Cada vez m\u00e1s bajo\u2026"},"content":{"rendered":"<p>Cuando creo que en pol\u00edtica ya tocamos fondo\u2026se presenta un nuevo proceso electoral.<\/p>\n<p>  <!--more-->  <\/p>\n<p>Sin medir las consecuencias, el lenguaje con el que algunos candidatos pretenden llegar al \u00e1nimo de los electores dista mucho de la propuesta congruente que el Pa\u00eds necesita para su desarrollo; agitadores de la pol\u00edtica, que en ausencia de una oferta viable, deciden irse por la f\u00e1cil: el enga\u00f1o al prometer lo que no pueden; el ataque, la denostaci\u00f3n; el chantaje sentimental al crearse una atm\u00f3sfera de m\u00e1rtires de la democracia, haciendo creer a la ciudadan\u00eda que son objeto de las mal\u00e9volas persecuciones de los gobiernos en el poder.<\/p>\n<p>Pero su peque\u00f1a estatura de miras no les permite ver a esos pol\u00edticos de ocasi\u00f3n, que usar un lenguaje destructivo, lleno de rencores enfermizos, polarizando a la sociedad entre lo blanco y lo negro, lo \u00fanico que est\u00e1n ocasionando es crear un peligroso clima de enfrentamiento que puede desbordar pasiones y llevar a la violencia absurda.<\/p>\n<p>Una muchedumbre encrespada se vuelve irracional, solo act\u00faa y no piensa, es capaz de rebasar cualquier orden establecido y convierte en dogma todo pensamiento que se identifique con el movimiento que est\u00e9n llevando a cabo, ya sea para reforzar dicho movimiento, o tal vez para justificar sus violentas acciones; el caso es que una masa montada en su macho es dif\u00edcil de controlar y eso no lo quieren entender los candidatos que llevan sus alforjas llenas de agresiones contra sus adversarios; en estos casos, hasta un m\u00ednimo detalle se vuelve una alerta roja.<\/p>\n<p>Habr\u00e1 quienes minimizar\u00e1n los hechos y los considerar\u00e1n como acciones aisladas, sin embargo es de resaltar que la poblaci\u00f3n que toma acciones violentas siempre justifica sus actos con el argumento de que son v\u00edctimas del sistema y de la opresi\u00f3n y discriminaci\u00f3n de las autoridades; argumentos todos ellos, que paulatinamente han sido inyectados por la esquizofrenia de los deseos de poder de actores pol\u00edticos de todos los Partidos.<\/p>\n<p>Ya lo vimos en el simulacro de debate por los candidatos a la gubernatura del Estado de M\u00e9xico, que m\u00e1s que debate se trat\u00f3 de un mon\u00f3logo compartido en el que los aspirantes dedicaron m\u00e1s tiempo a la denostaci\u00f3n y a alimentar a su ego, que a informar sobre un propuesta viable de crecimiento estatal.<\/p>\n<p>La confrontaci\u00f3n y la violencia, com\u00fan denominador en los recientes procesos electorales, se est\u00e1n convirtiendo en el principal argumento de defensa contra todo aquello que afecte a intereses personales.<\/p>\n<p>Hoy d\u00eda, se ha vuelto una constante, los pol\u00edticos convertidos en representantes populares, se olvidan de sus sagradas funciones por las que pidieron nuestro voto, y se dedican a preparar su siguiente nominaci\u00f3n, su siguiente candidatura, y se olvidan de cumplir con lo que comprometieron en campa\u00f1a, y en ese proceso, no dudan en enfrentar a la sociedad en una guerra contra la nada.<\/p>\n<p>Lo cierto es que cada vez nos hundimos m\u00e1s en tanta mugre de la pol\u00edtica; en cada proceso electoral aprendemos a ver los errores de los dem\u00e1s y no volteamos a ver los nuestros, hermano contra hermano en donde la autocr\u00edtica se ha convertido en un sofisma.<\/p>\n<p>Pero no tiene la culpa el indio sino quien lo hace compadre, pues los mexicanos seguiremos teniendo una clase pol\u00edtica de tan bajo perfil mientras sigamos sinti\u00e9ndonos felices en ver c\u00f3mo los pol\u00edticos se mientan la madre unos a los otros, o que cierto d\u00eda nuestro diputado o senador, despu\u00e9s de muchos a\u00f1os en la pol\u00edtica se acuerda que tiene que justificar su presencia en ese recinto y por fin se anima a subir a la tribuna a proponer alguna bober\u00eda que ser\u00e1 aplaudida por sus besamanos como si fuese la propuesta que marcar\u00e1 el rumbo del pa\u00eds.<\/p>\n<p>Cada cual tiene los pol\u00edticos que se merecen, no lo s\u00e9; pero de lo que s\u00ed estoy convencido es que hoy nos merecemos m\u00e1s propuesta seria y no solo el circo que diariamente vemos en quienes nos representan.<\/p>\n<p>Las palabras se las lleva el viento, pero mi pensamiento escrito est\u00e1.<\/p>\n<p>Miguel Rosales P\u00e9rez<\/p>\n","protected":false},"excerpt":{"rendered":"<p>Cuando creo que en pol\u00edtica ya tocamos fondo\u2026se presenta un nuevo proceso electoral.<\/p>\n","protected":false},"author":93,"featured_media":0,"comment_status":"open","ping_status":"open","sticky":false,"template":"","format":"standard","meta":{"footnotes":""},"categories":[51],"tags":[],"class_list":["post-40451","post","type-post","status-publish","format-standard","hentry","category-miguel-rosales"],"_links":{"self":[{"href":"https:\/\/plazajuarez.mx\/historico\/wp-json\/wp\/v2\/posts\/40451","targetHints":{"allow":["GET"]}}],"collection":[{"href":"https:\/\/plazajuarez.mx\/historico\/wp-json\/wp\/v2\/posts"}],"about":[{"href":"https:\/\/plazajuarez.mx\/historico\/wp-json\/wp\/v2\/types\/post"}],"author":[{"embeddable":true,"href":"https:\/\/plazajuarez.mx\/historico\/wp-json\/wp\/v2\/users\/93"}],"replies":[{"embeddable":true,"href":"https:\/\/plazajuarez.mx\/historico\/wp-json\/wp\/v2\/comments?post=40451"}],"version-history":[{"count":0,"href":"https:\/\/plazajuarez.mx\/historico\/wp-json\/wp\/v2\/posts\/40451\/revisions"}],"wp:attachment":[{"href":"https:\/\/plazajuarez.mx\/historico\/wp-json\/wp\/v2\/media?parent=40451"}],"wp:term":[{"taxonomy":"category","embeddable":true,"href":"https:\/\/plazajuarez.mx\/historico\/wp-json\/wp\/v2\/categories?post=40451"},{"taxonomy":"post_tag","embeddable":true,"href":"https:\/\/plazajuarez.mx\/historico\/wp-json\/wp\/v2\/tags?post=40451"}],"curies":[{"name":"wp","href":"https:\/\/api.w.org\/{rel}","templated":true}]}}