{"id":40449,"date":"2017-04-30T06:27:59","date_gmt":"2017-04-30T06:27:59","guid":{"rendered":"http:\/\/plazajuarez.mx\/index\/index.php\/2017\/04\/30\/te-odio\/"},"modified":"2020-04-14T19:58:50","modified_gmt":"2020-04-14T19:58:50","slug":"te-odio","status":"publish","type":"post","link":"https:\/\/plazajuarez.mx\/historico\/te-odio\/","title":{"rendered":"Te odio"},"content":{"rendered":"<p>RELATOS DE VIDA<\/p>\n<p>  <!--more-->  <\/p>\n<p>Te veo y agradezco porque diariamente me recuerdas que a pesar de que las horas no se detiene, que los d\u00edas pasan, que los a\u00f1os cobran factura y que en mi ciclo de vida, ya pas\u00e9 la etapa de la reproducci\u00f3n y solo falta una, que espero tarde mucho en llegar; todo lo viv\u00ed al m\u00e1ximo.<\/p>\n<p>Te veo y agradezco porque cada d\u00eda me muestras que esos mismos a\u00f1os hacen estragos en mi cuerpo, que aunque nunca fue monumental, tampoco estaba mal, y ahora las lonjas, las arrugas y cicatrices se marcan m\u00e1s, pero no importa porque ese mismo cuerpo sufri\u00f3 y goz\u00f3.<\/p>\n<p>Te veo y te agradezco, porque a pesar de las marcas en la frente, por tanto fruncir el ce\u00f1o ante un problema, un enojo, una preocupaci\u00f3n o una tristeza; observo m\u00e1s marcas en las fisuras de la boca por re\u00edr a carcajadas, y dibujar sonrisas en las alegr\u00edas y satisfacciones.<\/p>\n<p>Te veo y te agradezco, porque jam\u00e1s me has enga\u00f1ado, reflejaste sin piedad pero tambi\u00e9n fuiste amable, has sido testigo de anocheceres y amaneceres, viste cambios de imagen, de moda, de cortes y colores de cabello, por acompa\u00f1arme en pl\u00e1ticas, por escucharme silenciosamente, gracias querido espejo, no eres m\u00e1gico pero eres leal.<\/p>\n","protected":false},"excerpt":{"rendered":"<p>RELATOS DE VIDA<\/p>\n","protected":false},"author":73,"featured_media":0,"comment_status":"open","ping_status":"open","sticky":false,"template":"","format":"standard","meta":{"footnotes":""},"categories":[42,85],"tags":[],"class_list":["post-40449","post","type-post","status-publish","format-standard","hentry","category-nuestrapalabra","category-relatos"],"_links":{"self":[{"href":"https:\/\/plazajuarez.mx\/historico\/wp-json\/wp\/v2\/posts\/40449","targetHints":{"allow":["GET"]}}],"collection":[{"href":"https:\/\/plazajuarez.mx\/historico\/wp-json\/wp\/v2\/posts"}],"about":[{"href":"https:\/\/plazajuarez.mx\/historico\/wp-json\/wp\/v2\/types\/post"}],"author":[{"embeddable":true,"href":"https:\/\/plazajuarez.mx\/historico\/wp-json\/wp\/v2\/users\/73"}],"replies":[{"embeddable":true,"href":"https:\/\/plazajuarez.mx\/historico\/wp-json\/wp\/v2\/comments?post=40449"}],"version-history":[{"count":0,"href":"https:\/\/plazajuarez.mx\/historico\/wp-json\/wp\/v2\/posts\/40449\/revisions"}],"wp:attachment":[{"href":"https:\/\/plazajuarez.mx\/historico\/wp-json\/wp\/v2\/media?parent=40449"}],"wp:term":[{"taxonomy":"category","embeddable":true,"href":"https:\/\/plazajuarez.mx\/historico\/wp-json\/wp\/v2\/categories?post=40449"},{"taxonomy":"post_tag","embeddable":true,"href":"https:\/\/plazajuarez.mx\/historico\/wp-json\/wp\/v2\/tags?post=40449"}],"curies":[{"name":"wp","href":"https:\/\/api.w.org\/{rel}","templated":true}]}}