{"id":403,"date":"2015-02-07T06:00:00","date_gmt":"2015-02-07T06:00:00","guid":{"rendered":"http:\/\/plazajuarez.mx\/index\/index.php\/2015\/02\/07\/reinauguran-espacio-poder-joven\/"},"modified":"2015-02-07T06:00:00","modified_gmt":"2015-02-07T06:00:00","slug":"reinauguran-espacio-poder-joven","status":"publish","type":"post","link":"https:\/\/plazajuarez.mx\/historico\/reinauguran-espacio-poder-joven\/","title":{"rendered":"Reinauguran espacio Poder Joven"},"content":{"rendered":"<p><span style=\"font-family: verdana, geneva; font-size: 10pt;\"><strong>Ixmiquilpan<\/strong><\/span><\/p>\n<p><strong><span style=\"font-family: verdana, geneva; font-size: 10pt;\">Como parte del plan de trabajo de la Instancia Municipal de la Juventud, encabezada por Alejandro Lugo God\u00ednez, perteneciente a la Direcci\u00f3n de Deporte y Juventud municipal, se llev\u00f3 a cabo la reinauguraci\u00f3n del espacio Poder Joven.<\/span><\/strong><\/p>\n<p>  <!--more-->  <\/p>\n<p>\u00a0<\/p>\n<p><span style=\"font-family: verdana, geneva; font-size: 10pt;\">\u00a0<\/span><\/p>\n<p><span style=\"font-family: verdana, geneva; font-size: 10pt;\">Acompa\u00f1ado por Cuauht\u00e9moc Ruiz Gonz\u00e1lez, secretario municipal, Isaura Guerrero Otero, secretaria de Desarrollo Social, Tania Z\u00fa\u00f1iga Meneses, directora de Desarrollo Social, Rub\u00ed Sierra S\u00e1nchez, directora del sistema DIF municipal, adem\u00e1s de contar con la presencia de la boxeadora profesional Susana Cruz \u201cLa Panterita\u201d, quien fue la invitada espacial en esta inauguraci\u00f3n.<\/span><\/p>\n<p><span style=\"font-family: verdana, geneva; font-size: 10pt;\">\u00a0<\/span><\/p>\n<p><span style=\"font-family: verdana, geneva; font-size: 10pt;\">Poder Joven es un espacio que desde el a\u00f1o 2012 viene funcionando en el municipio, ofreciendo a j\u00f3venes ixmiquilpenses de 12 a 29 a\u00f1os un lugar de\u00a0 recreaci\u00f3n; en donde pueden acceder de manera gratuita a equipos de c\u00f3mputo con Internet, servicio de red wifi, consolas de video juegos, juegos de mesa y un espacio de lectura.<\/span><\/p>\n<p><span style=\"font-family: verdana, geneva; font-size: 10pt;\">\u00a0<\/span><\/p>\n<p><span style=\"font-family: verdana, geneva; font-size: 10pt;\">Al evento se dieron cita alumnos de la escuela secundaria t\u00e9cnica no. 57 de la localidad de Capula; misma a la que pertenece un equipo de tochito que habr\u00e1 de representar al estado de Hidalgo en una competencia nacional en pr\u00f3ximas fechas en el estado de Aguascalientes; mismos que recibieron una pl\u00e1tica de motivaci\u00f3n por parte de la boxeadora ixmiquilpense Susana Cruz<\/span><\/p>\n<p><span style=\"font-family: verdana, geneva; font-size: 10pt;\">\u201cLa Panterita\u201d, quien platic\u00f3 con los j\u00f3venes su historia, habl\u00f3 de sus or\u00edgenes humildes y como es que lleg\u00f3 al boxeo; su formaci\u00f3n en la disciplina y los diversos retos que ha tenido en la vida y en el deporte. \u201cSoy aguerrida, y eso es lo que necesita el mundo y necesitan ustedes como j\u00f3venes; dar lo mejor de ustedes y\u00a0 jam\u00e1s olvidar disfrutar lo que hagamos\u201d finaliz\u00f3 la deportista.<\/span><\/p>\n<p><span style=\"font-family: verdana, geneva; font-size: 10pt;\">\u00a0<\/span><\/p>\n<p><span style=\"font-family: verdana, geneva; font-size: 10pt;\">Por su parte, Cuauht\u00e9moc Ruiz Gonz\u00e1lez\u00a0 secretario municipal, destac\u00f3 la participaci\u00f3n de los j\u00f3venes como papel fundamental para nuestra sociedad y que este espacio es una herramienta que deben utilizar a su favor.<\/span><\/p>\n<p><span style=\"font-family: verdana, geneva; font-size: 10pt;\">\u00a0<\/span><\/p>\n<p><span style=\"font-family: verdana, geneva; font-size: 10pt;\">El espacio cuenta con 8 computadoras, 3 consolas de videojuegos, 3 pantallas, wifi un proyector y un acervo bibliogr\u00e1fico de superaci\u00f3n personal y motivaci\u00f3n, todos de forma gratuita. Con un horario de atenci\u00f3n de 8:30 a 16:30 horas.<\/span><\/p>\n<p><span style=\"font-family: verdana, geneva; font-size: 10pt;\">\u00a0<\/span><\/p>\n","protected":false},"excerpt":{"rendered":"<p>Ixmiquilpan Como parte del plan de trabajo de la Instancia Municipal de la Juventud, encabezada por Alejandro Lugo God\u00ednez, perteneciente a la Direcci\u00f3n de Deporte y Juventud municipal, se llev\u00f3 a cabo la reinauguraci\u00f3n del espacio Poder Joven.<\/p>\n","protected":false},"author":93,"featured_media":0,"comment_status":"open","ping_status":"open","sticky":false,"template":"","format":"standard","meta":{"footnotes":""},"categories":[40],"tags":[],"class_list":["post-403","post","type-post","status-publish","format-standard","hentry","category-region"],"_links":{"self":[{"href":"https:\/\/plazajuarez.mx\/historico\/wp-json\/wp\/v2\/posts\/403","targetHints":{"allow":["GET"]}}],"collection":[{"href":"https:\/\/plazajuarez.mx\/historico\/wp-json\/wp\/v2\/posts"}],"about":[{"href":"https:\/\/plazajuarez.mx\/historico\/wp-json\/wp\/v2\/types\/post"}],"author":[{"embeddable":true,"href":"https:\/\/plazajuarez.mx\/historico\/wp-json\/wp\/v2\/users\/93"}],"replies":[{"embeddable":true,"href":"https:\/\/plazajuarez.mx\/historico\/wp-json\/wp\/v2\/comments?post=403"}],"version-history":[{"count":0,"href":"https:\/\/plazajuarez.mx\/historico\/wp-json\/wp\/v2\/posts\/403\/revisions"}],"wp:attachment":[{"href":"https:\/\/plazajuarez.mx\/historico\/wp-json\/wp\/v2\/media?parent=403"}],"wp:term":[{"taxonomy":"category","embeddable":true,"href":"https:\/\/plazajuarez.mx\/historico\/wp-json\/wp\/v2\/categories?post=403"},{"taxonomy":"post_tag","embeddable":true,"href":"https:\/\/plazajuarez.mx\/historico\/wp-json\/wp\/v2\/tags?post=403"}],"curies":[{"name":"wp","href":"https:\/\/api.w.org\/{rel}","templated":true}]}}