{"id":402,"date":"2015-02-07T06:00:00","date_gmt":"2015-02-07T06:00:00","guid":{"rendered":"http:\/\/plazajuarez.mx\/index\/index.php\/2015\/02\/07\/le-dieron-gusto-al-gatillo-y-los-atraparon\/"},"modified":"2015-02-07T06:00:00","modified_gmt":"2015-02-07T06:00:00","slug":"le-dieron-gusto-al-gatillo-y-los-atraparon","status":"publish","type":"post","link":"https:\/\/plazajuarez.mx\/historico\/le-dieron-gusto-al-gatillo-y-los-atraparon\/","title":{"rendered":"Le dieron gusto al gatillo y los atraparon"},"content":{"rendered":"<p><strong><span style=\"font-family: verdana, geneva; font-size: 10pt;\">Luego de darse gusto jal\u00e1ndole al gatillo en la v\u00eda p\u00fablica y a las afueras de un centro nocturno, adem\u00e1s de golpear a elementos polic\u00edacos en la regi\u00f3n del Valle del Mezquital, tres individuos fueron a parar al \u00e1rea de retenci\u00f3n primaria de la Coordinaci\u00f3n Regional de Seguridad Estatal con base en el municipio de Ixmiquilpan, donde fueron puestos a disposici\u00f3n de las autoridades competentes.<\/span><\/strong><\/p>\n<p><span style=\"font-family: verdana, geneva; font-size: 10pt;\">Es as\u00ed como a los tres involucrados se les relaciona<\/span><\/p>\n<p>  <!--more-->  <\/p>\n<p><span style=\"font-family: verdana, geneva; font-size: 10pt;\">como autores de los probables delitos de ultrajes a la autoridad, cohecho de particulares, as\u00ed como portaci\u00f3n ilegal de arma de fuego.<\/span><\/p>\n<p><span style=\"font-family: verdana, geneva; font-size: 10pt;\">Mediante un bolet\u00edn de la Secretar\u00eda de Seguridad P\u00fablica, al mando de Alfredo Ahedo, se corrobora que los agentes polic\u00edacos detuvieron a los tres agresores, que momentos antes causaron temor entre los habitantes del municipio al realizar disparos de arma de fuego en el municipio de Ixmiquilpan.<\/span><\/p>\n<p><span style=\"font-family: verdana, geneva; font-size: 10pt;\">As\u00ed mismo se informa que los polic\u00edas realizaban recorridos de seguridad y vigilancia sobre la carretera federal M\u00e9xico-Laredo a la altura del poblado de Dios Padre, donde los agentes fueron alertados por pobladores, de que afuera de un conocido centro nocturno se encontraba un grupo de personas a bordo de una camioneta color blanco realizando detonaciones de arma de fuego, por lo que se trasladaron a verificar dicho reporte.<\/span><\/p>\n<p><span style=\"font-family: verdana, geneva; font-size: 10pt;\">Por ello los oficiales procedieron a intervenir la camioneta marca Ford pick up, tipo Ranger, color blanca, sin placas de circulaci\u00f3n, en la cual se encontraban los tres masculinos, quienes al percatarse de la presencia de los uniformados tomaron una actitud muy hostil y los agredieron verbal y f\u00edsicamente.<\/span><\/p>\n<p><span style=\"font-family: verdana, geneva; font-size: 10pt;\">Eso provoc\u00f3 que los guardianes de la ley procedieran a controlar a los tres varones, a quienes les practicaron una revisi\u00f3n corporal, lo que permiti\u00f3 encontrarles una pistola calibre .22 que portaba uno de los individuos a la altura de la cintura y en el lugar se localizaron y aseguraron dos casquillos percutidos que se encontraron a un costado de la camioneta.<\/span><\/p>\n<p><span style=\"font-family: verdana, geneva; font-size: 10pt;\">Luego de este hallazgo, los hombres trataron de sobornar a los oficiales ya que les ofrecieron 10 mil pesos en efectivo y los papeles de la camioneta que tripulaban los agresores, pero los polic\u00edas se negaron a esta acci\u00f3n y procedieron a realizar la detenci\u00f3n de los indiciados, quienes finalmente fueron puestos a disposici\u00f3n de las autoridades correspondientes para los efectos de ley a que haya lugar.<\/span><\/p>\n","protected":false},"excerpt":{"rendered":"<p>Luego de darse gusto jal\u00e1ndole al gatillo en la v\u00eda p\u00fablica y a las afueras de un centro nocturno, adem\u00e1s de golpear a elementos polic\u00edacos en la regi\u00f3n del Valle del Mezquital, tres individuos fueron a parar al \u00e1rea de retenci\u00f3n primaria de la Coordinaci\u00f3n Regional de Seguridad Estatal con base en el municipio de [&hellip;]<\/p>\n","protected":false},"author":93,"featured_media":0,"comment_status":"open","ping_status":"open","sticky":false,"template":"","format":"standard","meta":{"footnotes":""},"categories":[37],"tags":[],"class_list":["post-402","post","type-post","status-publish","format-standard","hentry","category-barandilla"],"_links":{"self":[{"href":"https:\/\/plazajuarez.mx\/historico\/wp-json\/wp\/v2\/posts\/402","targetHints":{"allow":["GET"]}}],"collection":[{"href":"https:\/\/plazajuarez.mx\/historico\/wp-json\/wp\/v2\/posts"}],"about":[{"href":"https:\/\/plazajuarez.mx\/historico\/wp-json\/wp\/v2\/types\/post"}],"author":[{"embeddable":true,"href":"https:\/\/plazajuarez.mx\/historico\/wp-json\/wp\/v2\/users\/93"}],"replies":[{"embeddable":true,"href":"https:\/\/plazajuarez.mx\/historico\/wp-json\/wp\/v2\/comments?post=402"}],"version-history":[{"count":0,"href":"https:\/\/plazajuarez.mx\/historico\/wp-json\/wp\/v2\/posts\/402\/revisions"}],"wp:attachment":[{"href":"https:\/\/plazajuarez.mx\/historico\/wp-json\/wp\/v2\/media?parent=402"}],"wp:term":[{"taxonomy":"category","embeddable":true,"href":"https:\/\/plazajuarez.mx\/historico\/wp-json\/wp\/v2\/categories?post=402"},{"taxonomy":"post_tag","embeddable":true,"href":"https:\/\/plazajuarez.mx\/historico\/wp-json\/wp\/v2\/tags?post=402"}],"curies":[{"name":"wp","href":"https:\/\/api.w.org\/{rel}","templated":true}]}}