{"id":400,"date":"2015-02-07T06:00:00","date_gmt":"2015-02-07T06:00:00","guid":{"rendered":"http:\/\/plazajuarez.mx\/index\/index.php\/2015\/02\/07\/reportan-2-fugas-de-gas-en-escuelas-de-iztapalapa\/"},"modified":"2015-02-07T06:00:00","modified_gmt":"2015-02-07T06:00:00","slug":"reportan-2-fugas-de-gas-en-escuelas-de-iztapalapa","status":"publish","type":"post","link":"https:\/\/plazajuarez.mx\/historico\/reportan-2-fugas-de-gas-en-escuelas-de-iztapalapa\/","title":{"rendered":"Reportan 2 fugas de gas en escuelas de Iztapalapa\u00a0"},"content":{"rendered":"<p><span style=\"font-family: verdana, geneva; font-size: 10pt;\">Estudiantes del Bachilleres 7 y de un jard\u00edn de ni\u00f1os en la delegaci\u00f3n Iztapalapa, al oriente de la ciudad, fueron desalojados debido a reportes de fuga de gas en ambas instalaciones.\u00a0<\/span><\/p>\n<p>  <!--more-->  <\/p>\n<p><span style=\"font-family: verdana, geneva; font-size: 10pt;\"> La delegaci\u00f3n Iztapalapa indic\u00f3 que se realiz\u00f3 el protocolo de evacuaci\u00f3n de los estudiantes del Bachilleres 7, ubicado en la colonia Leyes de Reforma.\u00a0<\/span><br \/><span style=\"font-family: verdana, geneva; font-size: 10pt;\"> Por otra parte, el Centro de Atenci\u00f3n a Emergencias y Protecci\u00f3n Ciudadana de la Ciudad de M\u00e9xico inform\u00f3 que instrument\u00f3 servicios de emergencias en un jard\u00edn de ni\u00f1os ubicado en la calle 61 y la avenida Samuel Gompers, Santa Cruz Meyehualco, tambi\u00e9n en Iztapalapa.\u00a0<\/span><br \/><span style=\"font-family: verdana, geneva; font-size: 10pt;\"> Bomberos realizaron maniobras en ambas escuelas para verificar las instalaciones y resguardar la seguridad de los estudiantes.\u00a0<\/span> <\/p>\n","protected":false},"excerpt":{"rendered":"<p>Estudiantes del Bachilleres 7 y de un jard\u00edn de ni\u00f1os en la delegaci\u00f3n Iztapalapa, al oriente de la ciudad, fueron desalojados debido a reportes de fuga de gas en ambas instalaciones.\u00a0<\/p>\n","protected":false},"author":93,"featured_media":0,"comment_status":"open","ping_status":"open","sticky":false,"template":"","format":"standard","meta":{"footnotes":""},"categories":[37],"tags":[],"class_list":["post-400","post","type-post","status-publish","format-standard","hentry","category-barandilla"],"_links":{"self":[{"href":"https:\/\/plazajuarez.mx\/historico\/wp-json\/wp\/v2\/posts\/400","targetHints":{"allow":["GET"]}}],"collection":[{"href":"https:\/\/plazajuarez.mx\/historico\/wp-json\/wp\/v2\/posts"}],"about":[{"href":"https:\/\/plazajuarez.mx\/historico\/wp-json\/wp\/v2\/types\/post"}],"author":[{"embeddable":true,"href":"https:\/\/plazajuarez.mx\/historico\/wp-json\/wp\/v2\/users\/93"}],"replies":[{"embeddable":true,"href":"https:\/\/plazajuarez.mx\/historico\/wp-json\/wp\/v2\/comments?post=400"}],"version-history":[{"count":0,"href":"https:\/\/plazajuarez.mx\/historico\/wp-json\/wp\/v2\/posts\/400\/revisions"}],"wp:attachment":[{"href":"https:\/\/plazajuarez.mx\/historico\/wp-json\/wp\/v2\/media?parent=400"}],"wp:term":[{"taxonomy":"category","embeddable":true,"href":"https:\/\/plazajuarez.mx\/historico\/wp-json\/wp\/v2\/categories?post=400"},{"taxonomy":"post_tag","embeddable":true,"href":"https:\/\/plazajuarez.mx\/historico\/wp-json\/wp\/v2\/tags?post=400"}],"curies":[{"name":"wp","href":"https:\/\/api.w.org\/{rel}","templated":true}]}}