{"id":3994,"date":"2015-04-20T05:00:00","date_gmt":"2015-04-20T05:00:00","guid":{"rendered":"http:\/\/plazajuarez.mx\/index\/index.php\/2015\/04\/20\/habra-seminario-municipalista-para-regidores-y-sindicos\/"},"modified":"2015-04-20T05:00:00","modified_gmt":"2015-04-20T05:00:00","slug":"habra-seminario-municipalista-para-regidores-y-sindicos","status":"publish","type":"post","link":"https:\/\/plazajuarez.mx\/historico\/habra-seminario-municipalista-para-regidores-y-sindicos\/","title":{"rendered":"Habr\u00e1 Seminario municipalista  para regidores y s\u00edndicos"},"content":{"rendered":"<p>TULANCINGO<\/p>\n<ul>\n<li>El evento ser\u00e1 el pr\u00f3ximo 23 de abril y el municipio ser\u00e1 sede<\/li>\n<li>Est\u00e1 confirmada la presencia de destacadas personalidades, quienes dictar\u00e1n ponencias para la mejora de la funci\u00f3n p\u00fablica <!--more--> <\/li>\n<\/ul>\n<p>Aforo de 150 participantes y la presencia de destacados invitados tendr\u00e1 el Seminario Municipalista para Regidores y S\u00edndicos humanistas, evento que se llevara a cabo este 23 de Abril en conocido hotel de la ciudad de Tulancingo (Sal\u00f3n Zafiro del Hotel La Joya).<\/p>\n<p>El seminario es convocado por Ren\u00e1n Barrera Concha; Alcalde de M\u00e9rida, Yucat\u00e1n y Presidente de la Asociaci\u00f3n Nacional de Alcalde (ANAC), as\u00ed como\u00a0 el\u00a0 Presidente Julio Soto en su car\u00e1cter de Vicepresidente de Capacitaci\u00f3n ANAC.<\/p>\n<p>As\u00ed tambi\u00e9n por la Coordinaci\u00f3n Nacional de S\u00edndicos (CONASIN) que preside Daniel Alvizo Contreras del Ayuntamiento de Pachuca;\u00a0 la Coordinaci\u00f3n Nacional de Regidores (REGOB) que encabeza el Regidor de Guadalajara Alberto C\u00e1rdenas y Salvador Sosa como Coordinador de la bancada del PAN en Tulancingo.<\/p>\n<p>Est\u00e1 confirmada la presencia de destacados ponentes, quienes compartir\u00e1n, tanto\u00a0 la visi\u00f3n\u00a0 como\u00a0 avances recientes\u00a0 de la vida municipal en M\u00e9xico, pero tambi\u00e9n,\u00a0 los retos y oportunidades que deber\u00e1n enfrentar, quienes se desempe\u00f1an en la funci\u00f3n p\u00fablica, atendiendo a las nuevas\u00a0 din\u00e1micas de gesti\u00f3n y gobernanza.<\/p>\n<p>Entre los invitados se encuentra, el Ingeniero Carlos Medina Plascencia; destacado Presidente Municipal de Le\u00f3n, Diputado Federal, Senador de la Rep\u00fablica y Gobernador del Estado de Guanajuato, quien ofrecer\u00e1 la ponencia \u201cEl Cabildo del siglo XXI\u201d.<\/p>\n<p>De igual manera, el Ingeniero Alberto C\u00e1rdenas Jim\u00e9nez; sobresaliente Gobernador de Jalisco; Secretario de Medio Ambiente y Recursos Naturales y Secretario de Agricultura, Ganader\u00eda, Desarrollo Rural Pesca y Alimentaci\u00f3n, quien dictar\u00e1 la ponencia \u201cDesarrollo Municipal Sustentable\u201d.<\/p>\n<p>El referido seminario\u00a0 para S\u00edndicos y Regidores humanistas iniciar\u00e1 a las 9:30 horas con el registro de participantes y a las 10:00 horas se proceder\u00e1 con la inauguraci\u00f3n oficial de estos trabajos que forman parte de los esfuerzos en capacitaci\u00f3n dentro de la agenda municipalista.<\/p>\n<p>El Presidente Julio Soto record\u00f3 que este seminario, ser\u00e1 la tercera actividad vinculada a la Asociaci\u00f3n Nacional de Alcaldes que alberga Tulancingo; la primera fue en el\u00a0 2014 con un encuentro de\u00a0 mandatarios de diversas partes del pa\u00eds.<\/p>\n","protected":false},"excerpt":{"rendered":"<p>TULANCINGO El evento ser\u00e1 el pr\u00f3ximo 23 de abril y el municipio ser\u00e1 sede Est\u00e1 confirmada la presencia de destacadas personalidades, quienes dictar\u00e1n ponencias para la mejora de la funci\u00f3n p\u00fablica<\/p>\n","protected":false},"author":93,"featured_media":0,"comment_status":"open","ping_status":"open","sticky":false,"template":"","format":"standard","meta":{"footnotes":""},"categories":[40],"tags":[],"class_list":["post-3994","post","type-post","status-publish","format-standard","hentry","category-region"],"_links":{"self":[{"href":"https:\/\/plazajuarez.mx\/historico\/wp-json\/wp\/v2\/posts\/3994","targetHints":{"allow":["GET"]}}],"collection":[{"href":"https:\/\/plazajuarez.mx\/historico\/wp-json\/wp\/v2\/posts"}],"about":[{"href":"https:\/\/plazajuarez.mx\/historico\/wp-json\/wp\/v2\/types\/post"}],"author":[{"embeddable":true,"href":"https:\/\/plazajuarez.mx\/historico\/wp-json\/wp\/v2\/users\/93"}],"replies":[{"embeddable":true,"href":"https:\/\/plazajuarez.mx\/historico\/wp-json\/wp\/v2\/comments?post=3994"}],"version-history":[{"count":0,"href":"https:\/\/plazajuarez.mx\/historico\/wp-json\/wp\/v2\/posts\/3994\/revisions"}],"wp:attachment":[{"href":"https:\/\/plazajuarez.mx\/historico\/wp-json\/wp\/v2\/media?parent=3994"}],"wp:term":[{"taxonomy":"category","embeddable":true,"href":"https:\/\/plazajuarez.mx\/historico\/wp-json\/wp\/v2\/categories?post=3994"},{"taxonomy":"post_tag","embeddable":true,"href":"https:\/\/plazajuarez.mx\/historico\/wp-json\/wp\/v2\/tags?post=3994"}],"curies":[{"name":"wp","href":"https:\/\/api.w.org\/{rel}","templated":true}]}}