{"id":3993,"date":"2015-04-20T05:00:00","date_gmt":"2015-04-20T05:00:00","guid":{"rendered":"http:\/\/plazajuarez.mx\/index\/index.php\/2015\/04\/20\/noble-buscara-mejores-oportunidades-para-ninos-y-jovenes\/"},"modified":"2015-04-20T05:00:00","modified_gmt":"2015-04-20T05:00:00","slug":"noble-buscara-mejores-oportunidades-para-ninos-y-jovenes","status":"publish","type":"post","link":"https:\/\/plazajuarez.mx\/historico\/noble-buscara-mejores-oportunidades-para-ninos-y-jovenes\/","title":{"rendered":"Noble buscar\u00e1 mejores  oportunidades para ni\u00f1os y j\u00f3venes"},"content":{"rendered":"<p>TETEPANGO<\/p>\n<p>En gira por Tetepango, el candidato a diputado federal de la coalici\u00f3n del Partido Revolucionario Institucional (PRI) y del Partido Verde Ecologista de M\u00e9xico (PVEM) por el Distrito 3, Pedro Luis Noble Monterrubio, se\u00f1al\u00f3 que al llegar a San L\u00e1zaro incorporar\u00e1 un plan de trabajo en el Congreso de la Uni\u00f3n, con la finalidad de otorgar consistencia como pa\u00eds y como naci\u00f3n, lo cual permitir\u00e1 trabajar en diversos temas, sobre todo en el apoyo a las nuevas generaciones.<\/p>\n<p>  <!--more-->  <\/p>\n<p>\u00a0<\/p>\n<p>De esta manera, comprometido con el Distrito 3 con cabecera en Actopan, contribuir\u00e1 en el desarrollo de la ni\u00f1ez y la educaci\u00f3n, al impulsar programas que otorguen acceso al uso de tecnolog\u00edas; con ello, se contar\u00e1 con mayor informaci\u00f3n, as\u00ed como una educaci\u00f3n de calidad, ya que M\u00e9xico necesita personas mejor preparadas.<\/p>\n<p>Al acudir a una reuni\u00f3n en la cabecera municipal de Tetepango, Noble Monterrubio, junto con su compa\u00f1ero de f\u00f3rmula, Ernesto V\u00e1zquez Baca, hizo hincapi\u00e9 en trabajar para el beneficio de los menores, \u201clos ni\u00f1os que hoy nos acompa\u00f1an ma\u00f1ana ser\u00e1n ciudadanos de progreso y con educaci\u00f3n de calidad\u201d.<\/p>\n<p>Sostuvo un encuentro con habitantes de las comunidades Juandho y Ulapa, donde dirigi\u00f3 su mensaje a las personas que necesitan oportunidades de empleo; por esta raz\u00f3n, gestionar\u00e1 incrementar el n\u00famero de becas. Esto, apoyar\u00e1 a las familias que no tienen recursos econ\u00f3micos para que los j\u00f3venes contin\u00faen sus estudios.\u00a0<\/p>\n<p>Al atardecer, Noble Monterrubio y V\u00e1zquez Baca fueron recibidos por ejidatarios y campesinos, quienes expresaron sus necesidades en materia de agricultura; en este sentido, el candidato refrend\u00f3 el apoyo para este sector de la poblaci\u00f3n y asegur\u00f3 que Tetepango cuenta con gente de trabajo.\u00a0<\/p>\n<p>Finalmente, los priistas acudieron a la cancha municipal para celebrar una reuni\u00f3n con familias de la regi\u00f3n, donde reiter\u00f3 que los valores son fundamentales en este n\u00facleo de la sociedad.<\/p>\n","protected":false},"excerpt":{"rendered":"<p>TETEPANGO En gira por Tetepango, el candidato a diputado federal de la coalici\u00f3n del Partido Revolucionario Institucional (PRI) y del Partido Verde Ecologista de M\u00e9xico (PVEM) por el Distrito 3, Pedro Luis Noble Monterrubio, se\u00f1al\u00f3 que al llegar a San L\u00e1zaro incorporar\u00e1 un plan de trabajo en el Congreso de la Uni\u00f3n, con la finalidad [&hellip;]<\/p>\n","protected":false},"author":93,"featured_media":0,"comment_status":"open","ping_status":"open","sticky":false,"template":"","format":"standard","meta":{"footnotes":""},"categories":[40],"tags":[],"class_list":["post-3993","post","type-post","status-publish","format-standard","hentry","category-region"],"_links":{"self":[{"href":"https:\/\/plazajuarez.mx\/historico\/wp-json\/wp\/v2\/posts\/3993","targetHints":{"allow":["GET"]}}],"collection":[{"href":"https:\/\/plazajuarez.mx\/historico\/wp-json\/wp\/v2\/posts"}],"about":[{"href":"https:\/\/plazajuarez.mx\/historico\/wp-json\/wp\/v2\/types\/post"}],"author":[{"embeddable":true,"href":"https:\/\/plazajuarez.mx\/historico\/wp-json\/wp\/v2\/users\/93"}],"replies":[{"embeddable":true,"href":"https:\/\/plazajuarez.mx\/historico\/wp-json\/wp\/v2\/comments?post=3993"}],"version-history":[{"count":0,"href":"https:\/\/plazajuarez.mx\/historico\/wp-json\/wp\/v2\/posts\/3993\/revisions"}],"wp:attachment":[{"href":"https:\/\/plazajuarez.mx\/historico\/wp-json\/wp\/v2\/media?parent=3993"}],"wp:term":[{"taxonomy":"category","embeddable":true,"href":"https:\/\/plazajuarez.mx\/historico\/wp-json\/wp\/v2\/categories?post=3993"},{"taxonomy":"post_tag","embeddable":true,"href":"https:\/\/plazajuarez.mx\/historico\/wp-json\/wp\/v2\/tags?post=3993"}],"curies":[{"name":"wp","href":"https:\/\/api.w.org\/{rel}","templated":true}]}}