{"id":39858,"date":"2017-04-19T11:09:36","date_gmt":"2017-04-19T11:09:36","guid":{"rendered":"http:\/\/plazajuarez.mx\/index\/index.php\/2017\/04\/19\/retratos-hablados-359\/"},"modified":"2017-04-19T11:09:36","modified_gmt":"2017-04-19T11:09:36","slug":"retratos-hablados-359","status":"publish","type":"post","link":"https:\/\/plazajuarez.mx\/historico\/retratos-hablados-359\/","title":{"rendered":"RETRATOS HABLADOS"},"content":{"rendered":"<p>Mantener el paso<br \/>MINUTARIO<\/p>\n<p>  <!--more-->  <\/p>\n<p>La efectividad de un gobierno se mide pasados no los primeros cien d\u00edas, sino el tiempo justo en que las acciones constantes y sonantes empiezan a observarse en beneficio de la vida cotidiana de los ciudadanos. Terminado el periodo de asentamiento y dejado en el pasado el discurso de campa\u00f1a, es obligaci\u00f3n de todo gobernante dedicar su m\u00e1ximo esfuerzo a la consolidaci\u00f3n de proyectos.<br \/>\u00a0\u00a0\u00a0 Pocas necesidades tan apremiantes en Hidalgo como el empleo, demanda constante de un sector cada vez m\u00e1s amplio y con un leg\u00edtimo derecho a contar con una fuente laboral que le permita labrar su futuro como es el de los j\u00f3venes, buena parte ya egresados de una instituci\u00f3n de educaci\u00f3n superior.<br \/>\u00a0\u00a0\u00a0 Por muchas razones resulta importante que empresas como Jac Motors, -que en breve empezar\u00e1 la producci\u00f3n de veh\u00edculos automotores en Ciudad Sahag\u00fan, y la construcci\u00f3n de la plaza comercial Explanada en Pachuca-, sean una realidad en el primer a\u00f1o de la administraci\u00f3n del gobernador Omar Fayad Meneses.<br \/>\u00a0\u00a0\u00a0 La raz\u00f3n es una y simple: el tiempo que tiene un gobernante es muy corto, y cuando se da por descontado que los primeros doce meses ser\u00e1n dedicados a la planeaci\u00f3n, tambi\u00e9n resulta l\u00f3gico que en el terreno de los hechos no habr\u00e1 nada, lo que reduce el campo de acci\u00f3n a solo cinco a\u00f1os, cuatro si se mantiene la constante que el sexto simplemente es para cerrar.<br \/>\u00a0\u00a0\u00a0 El discurso del gobernador Fayad Meneses se ha centrado en cuatro vertientes fundamentales como son empleo, educaci\u00f3n, seguridad y salud, con un \u00e9nfasis fundamental en el primero, porque para nadie es desconocido que con la posibilidad de un futuro a trav\u00e9s de un salario, el segundo de los factores tiende a presentar sensibles mejor\u00edas.<br \/>\u00a0\u00a0\u00a0 Todo lo anterior sin dejar en el olvido el combate a la impunidad, pero sin mantener este asunto como fundamental ante una ciudadan\u00eda, que si bien ve con buenos ojos la lucha contra la corrupci\u00f3n, espera el cumplimiento de compromisos vitales que tienen que ver con la posibilidad que sus j\u00f3venes tengan un buen empleo, lo que se traduce en un buen futuro.<br \/>\u00a0\u00a0\u00a0 Por lo anotado, la llegada de nuevas inversiones a territorio hidalguense siempre ser\u00e1n una buena noticia, en lo que se ha anotado en m\u00faltiples ocasiones, responde a una justicia hist\u00f3rica a una entidad que ha dado todo para el pa\u00eds, a cambio de poco o nada.<br \/>\u00a0\u00a0\u00a0 En s\u00edntesis, no hay mejor primero a\u00f1o para una todav\u00eda naciente administraci\u00f3n gubernamental que los hechos constantes y sonantes, que abren una posibilidad real a los j\u00f3venes hidalguenses que se han preparado para contar con una posibilidad real en el futuro que ya es presente.<br \/>\u00a0\u00a0\u00a0 Nada tambi\u00e9n tan complicado como mantener el paso en esta tarea tan vital, porque sin duda mes con mes habr\u00e1n de esperarse nuevas posibilidades que conviertan a Hidalgo en un verdadero polo industrial; nunca m\u00e1s, menos a lo que se ha generado en otras entidades.<br \/>MINUTARIO.- Yolanda Teller\u00eda Beltr\u00e1n, presidenta municipal de Pachuca, puede, todav\u00eda, hacer un gobierno de la talla del que encabez\u00f3 su hermano Jos\u00e9 Antonio. Es una mujer sensible al reclamo de la ciudadan\u00eda, siempre y cuando haga a un lado influencias que solo le han generado complicaciones a m\u00e1s no poder. Tampoco puede mantener un discurso de campa\u00f1a que culpaba de todo a su antecesor. Puede, sin duda alguna, con el reto que representa la capital del estado, pero hasta por salud mental tendr\u00e1 que dejar muy en claro que el mando le fue entregado a ella y nadie m\u00e1s. Como pocas veces la frase puede ser exacta cuando la diga con decisi\u00f3n, \u201caqu\u00ed, hay presidenta municipal\u201d. As\u00ed lo esperamos por el bien de todos.<br \/>Mil gracias, hasta ma\u00f1ana.<br \/>jeperalta@plazajuarez.mx\/historico\/historico<br \/>twitter: @JavierEPeralta<\/p>\n<p>CITA:<br \/>El discurso del gobernador Fayad Meneses se ha centrado en cuatro vertientes fundamentales como son empleo, educaci\u00f3n, seguridad y salud, con un \u00e9nfasis fundamental en el primero, porque para nadie es desconocido que con la posibilidad de un futuro a trav\u00e9s de un salario, el segundo de los factores tiende a presentar sensibles mejor\u00edas.<br \/>\u00a0\u00a0\u00a0 <br \/>\u00a0\u00a0\u00a0 <\/p>\n","protected":false},"excerpt":{"rendered":"<p>Mantener el pasoMINUTARIO<\/p>\n","protected":false},"author":93,"featured_media":0,"comment_status":"open","ping_status":"open","sticky":false,"template":"","format":"standard","meta":{"footnotes":""},"categories":[49],"tags":[],"class_list":["post-39858","post","type-post","status-publish","format-standard","hentry","category-javier-peralta"],"_links":{"self":[{"href":"https:\/\/plazajuarez.mx\/historico\/wp-json\/wp\/v2\/posts\/39858","targetHints":{"allow":["GET"]}}],"collection":[{"href":"https:\/\/plazajuarez.mx\/historico\/wp-json\/wp\/v2\/posts"}],"about":[{"href":"https:\/\/plazajuarez.mx\/historico\/wp-json\/wp\/v2\/types\/post"}],"author":[{"embeddable":true,"href":"https:\/\/plazajuarez.mx\/historico\/wp-json\/wp\/v2\/users\/93"}],"replies":[{"embeddable":true,"href":"https:\/\/plazajuarez.mx\/historico\/wp-json\/wp\/v2\/comments?post=39858"}],"version-history":[{"count":0,"href":"https:\/\/plazajuarez.mx\/historico\/wp-json\/wp\/v2\/posts\/39858\/revisions"}],"wp:attachment":[{"href":"https:\/\/plazajuarez.mx\/historico\/wp-json\/wp\/v2\/media?parent=39858"}],"wp:term":[{"taxonomy":"category","embeddable":true,"href":"https:\/\/plazajuarez.mx\/historico\/wp-json\/wp\/v2\/categories?post=39858"},{"taxonomy":"post_tag","embeddable":true,"href":"https:\/\/plazajuarez.mx\/historico\/wp-json\/wp\/v2\/tags?post=39858"}],"curies":[{"name":"wp","href":"https:\/\/api.w.org\/{rel}","templated":true}]}}