{"id":39857,"date":"2017-04-19T11:09:33","date_gmt":"2017-04-19T11:09:33","guid":{"rendered":"http:\/\/plazajuarez.mx\/index\/index.php\/2017\/04\/19\/la-negacion-de-una-infamia\/"},"modified":"2017-04-19T11:09:33","modified_gmt":"2017-04-19T11:09:33","slug":"la-negacion-de-una-infamia","status":"publish","type":"post","link":"https:\/\/plazajuarez.mx\/historico\/la-negacion-de-una-infamia\/","title":{"rendered":"La negaci\u00f3n de una infamia"},"content":{"rendered":"<p>HOMO POLITICUS<\/p>\n<p>  <!--more-->  <\/p>\n<p>Existe un claro ascenso de los movimientos y gobiernos de ultraderecha que se encuentran tratando de negar el Holocausto jud\u00edo.<br \/>\u00a0<br \/>Esta situaci\u00f3n no es nueva, en diferentes momentos se ha tratado de negar o desvirtuar los cr\u00edmenes de lesa humanidad que se cometieron, particularmente, con el pueblo jud\u00edo en la Segunda Guerra Mundial. Esta cuesti\u00f3n se ha manejado as\u00ed bajo el juego de intereses pol\u00edticos como por el ascenso del antisemitismo e inclusive, como desencuentro racial y religioso; en todos los casos un absurdo, pero un absurdo doloroso.<br \/>\u00a0<br \/>Marine Le Pen la candidata a la Presidencia de Francia, ha negado la participaci\u00f3n de Francia en las redadas a jud\u00edos que fueron enviados a campos de concentraci\u00f3n e incluso asesinados en tierra francesa en la Segunda Guerra Mundial, cuesti\u00f3n que se suma no a un \u00e1nimo de ignorancia sino de una perversi\u00f3n en la interpretaci\u00f3n hist\u00f3rica.<br \/>\u00a0<br \/>Las declaraciones de Le Pen no pueden asombrar, porque ella es tan infame como lo sucedido al pueblo jud\u00edo y, por m\u00e1s que se le trate de desvirtuar, ello tiene el peso de una cruenta historia de un genocidio documentado desde sus estelar particulares hasta las colaterales, en las cuales muchos gobiernos en esos momentos se prestaron a las pretensiones nazis y cooperaron para que esta infamia se llevara a cabo.<br \/>\u00a0<br \/>No resulta incre\u00edble este recrudecimiento del racismo, la xenofobia e inclusive la persecuci\u00f3n religiosa que viven innumerables pueblos en nuestros d\u00edas; empero es cierto y ello se debe a que el mundo se ha depreciado a nivel cultural y la intelectualidad no se pronuncia con la contundencia para advertir el peligro de este ascenso de la xenofobia, el racismo y la intolerancia religiosa, condici\u00f3n que ha sido obviada, inclusive, por Naciones Unidas.<br \/>\u00a0<br \/>Hoy la persecuci\u00f3n de los migrantes mexicanos en Estados Unidos no se dimensiona en esta estela del terror de Estado, como ella, pasan inadvertidas las se\u00f1ales de una persecuci\u00f3n a nivel internacional de todos aquellos pueblos y minor\u00edas que parecen sucumbir ante los apetitos de gobiernos y movimientos de ultraderecha que est\u00e1n, peligrosamente, generando una estela de dolor y muerte.<\/p>\n","protected":false},"excerpt":{"rendered":"<p>HOMO POLITICUS<\/p>\n","protected":false},"author":93,"featured_media":0,"comment_status":"open","ping_status":"open","sticky":false,"template":"","format":"standard","meta":{"footnotes":""},"categories":[57],"tags":[],"class_list":["post-39857","post","type-post","status-publish","format-standard","hentry","category-carlos-barra-moulain"],"_links":{"self":[{"href":"https:\/\/plazajuarez.mx\/historico\/wp-json\/wp\/v2\/posts\/39857","targetHints":{"allow":["GET"]}}],"collection":[{"href":"https:\/\/plazajuarez.mx\/historico\/wp-json\/wp\/v2\/posts"}],"about":[{"href":"https:\/\/plazajuarez.mx\/historico\/wp-json\/wp\/v2\/types\/post"}],"author":[{"embeddable":true,"href":"https:\/\/plazajuarez.mx\/historico\/wp-json\/wp\/v2\/users\/93"}],"replies":[{"embeddable":true,"href":"https:\/\/plazajuarez.mx\/historico\/wp-json\/wp\/v2\/comments?post=39857"}],"version-history":[{"count":0,"href":"https:\/\/plazajuarez.mx\/historico\/wp-json\/wp\/v2\/posts\/39857\/revisions"}],"wp:attachment":[{"href":"https:\/\/plazajuarez.mx\/historico\/wp-json\/wp\/v2\/media?parent=39857"}],"wp:term":[{"taxonomy":"category","embeddable":true,"href":"https:\/\/plazajuarez.mx\/historico\/wp-json\/wp\/v2\/categories?post=39857"},{"taxonomy":"post_tag","embeddable":true,"href":"https:\/\/plazajuarez.mx\/historico\/wp-json\/wp\/v2\/tags?post=39857"}],"curies":[{"name":"wp","href":"https:\/\/api.w.org\/{rel}","templated":true}]}}