{"id":398,"date":"2015-02-07T06:00:00","date_gmt":"2015-02-07T06:00:00","guid":{"rendered":"http:\/\/plazajuarez.mx\/index\/index.php\/2015\/02\/07\/detienen-a-jefe-criminal-de-acapulco\/"},"modified":"2015-02-07T06:00:00","modified_gmt":"2015-02-07T06:00:00","slug":"detienen-a-jefe-criminal-de-acapulco","status":"publish","type":"post","link":"https:\/\/plazajuarez.mx\/historico\/detienen-a-jefe-criminal-de-acapulco\/","title":{"rendered":"Detienen a jefe criminal de Acapulco\u00a0"},"content":{"rendered":"<p><span style=\"font-family: verdana, geneva; font-size: 10pt;\">El Comisionado Nacional de Seguridad, Monte Alejandro Rubido Garc\u00eda, dio a conocer la detenci\u00f3n en Mexicali, Baja California, de Ronaldo Mendoza Matilde, jefe de un grupo delictivo con operaci\u00f3n en el puerto de Acapulco, Guerrero, a quien se\u00f1al\u00f3 como uno de los presuntos principales autores intelectuales de homicidios as\u00ed como agresiones en centros educativos en las \u00faltimas semanas en esa localidad.\u00a0<\/span><\/p>\n<p>  <!--more-->  <\/p>\n<p><span style=\"font-family: verdana, geneva; font-size: 10pt;\"> Al presentar a medios de comunicaci\u00f3n la fotograf\u00eda de Mendoza Matilde, Rubido Garc\u00eda detall\u00f3 que el grupo de este presunto delincuente est\u00e1 relacionado con secuestros, homicidios y extorsiones en contra de empresarios y profesores de distintas instituciones educativas en diversas colonias de Acapulco, entre ellas Cayaco, La S\u00e1bana, Renacimiento y Emiliano Zapata.\u00a0<\/span><br \/><span style=\"font-family: verdana, geneva; font-size: 10pt;\"> Resalt\u00f3 que se tiene informaci\u00f3n acerca del detenido quien presuntamente form\u00f3 parte de un grupo delincuencial que opera en Acapulco, pero que luego de una incisi\u00f3n form\u00f3 otro grupo que \u00e9l encabez\u00f3 y lo cual gener\u00f3 la disputa por el control del territorio.\u00a0<\/span><br \/><span style=\"font-family: verdana, geneva; font-size: 10pt;\"> Expuso que la funci\u00f3n de Mendoza Matilde como jefe de la nueva organizaci\u00f3n era ordenar los asesinatos de miembros del grupo antag\u00f3nico y que pon\u00eda mensaje en los cuerpos de las v\u00edctimas para provocar temor e intimidaci\u00f3n en la ciudadan\u00eda.\u00a0<\/span><br \/><span style=\"font-family: verdana, geneva; font-size: 10pt;\"> Rubido Garc\u00eda, quien estuvo acompa\u00f1ado por representantes de las secretarias de la Defensa Nacional y Marina, as\u00ed como de la Gendarmer\u00eda y de la Procuradur\u00eda General de la Rep\u00fablica, se\u00f1al\u00f3 que la detenci\u00f3n se logr\u00f3 derivado de investigaciones realizadas coordinadamente con lo que agentes federales acudieron a Baja California a donde hab\u00eda ido a ocultarse el ahora detenido.\u00a0<\/span><br \/><span style=\"font-family: verdana, geneva; font-size: 10pt;\"> Fue ubicado viviendo en un domicilio de la colonia Villas del Roble, en el municipio de Mexicali.\u00a0<\/span><br \/><span style=\"font-family: verdana, geneva; font-size: 10pt;\"> Precis\u00f3 que la aprehensi\u00f3n se hizo cerca de su hogar en un camino de terracer\u00eda conocido como Canal Revestido, acci\u00f3n en la que no se realiz\u00f3 ning\u00fan disparo y cuando los polic\u00edas federales lo interceptaron se identific\u00f3 como Ronaldo Mendoza Matilde de 30 a\u00f1os de edad y originario de Acapulco.\u00a0<\/span><br \/><span style=\"font-family: verdana, geneva; font-size: 10pt;\"> El inculpado llevaba en su momento una maleta con un fusil de asalto con aditamento lanzagranadas, de calibre de .40 mil\u00edmetros.\u00a0<\/span> <\/p>\n","protected":false},"excerpt":{"rendered":"<p>El Comisionado Nacional de Seguridad, Monte Alejandro Rubido Garc\u00eda, dio a conocer la detenci\u00f3n en Mexicali, Baja California, de Ronaldo Mendoza Matilde, jefe de un grupo delictivo con operaci\u00f3n en el puerto de Acapulco, Guerrero, a quien se\u00f1al\u00f3 como uno de los presuntos principales autores intelectuales de homicidios as\u00ed como agresiones en centros educativos en [&hellip;]<\/p>\n","protected":false},"author":93,"featured_media":0,"comment_status":"open","ping_status":"open","sticky":false,"template":"","format":"standard","meta":{"footnotes":""},"categories":[37],"tags":[],"class_list":["post-398","post","type-post","status-publish","format-standard","hentry","category-barandilla"],"_links":{"self":[{"href":"https:\/\/plazajuarez.mx\/historico\/wp-json\/wp\/v2\/posts\/398","targetHints":{"allow":["GET"]}}],"collection":[{"href":"https:\/\/plazajuarez.mx\/historico\/wp-json\/wp\/v2\/posts"}],"about":[{"href":"https:\/\/plazajuarez.mx\/historico\/wp-json\/wp\/v2\/types\/post"}],"author":[{"embeddable":true,"href":"https:\/\/plazajuarez.mx\/historico\/wp-json\/wp\/v2\/users\/93"}],"replies":[{"embeddable":true,"href":"https:\/\/plazajuarez.mx\/historico\/wp-json\/wp\/v2\/comments?post=398"}],"version-history":[{"count":0,"href":"https:\/\/plazajuarez.mx\/historico\/wp-json\/wp\/v2\/posts\/398\/revisions"}],"wp:attachment":[{"href":"https:\/\/plazajuarez.mx\/historico\/wp-json\/wp\/v2\/media?parent=398"}],"wp:term":[{"taxonomy":"category","embeddable":true,"href":"https:\/\/plazajuarez.mx\/historico\/wp-json\/wp\/v2\/categories?post=398"},{"taxonomy":"post_tag","embeddable":true,"href":"https:\/\/plazajuarez.mx\/historico\/wp-json\/wp\/v2\/tags?post=398"}],"curies":[{"name":"wp","href":"https:\/\/api.w.org\/{rel}","templated":true}]}}