{"id":39753,"date":"2017-04-17T12:23:05","date_gmt":"2017-04-17T12:23:05","guid":{"rendered":"http:\/\/plazajuarez.mx\/index\/index.php\/2017\/04\/17\/recoleccion-de-basura-se-queda-a-cargo-del-ayuntamiento\/"},"modified":"2017-04-17T12:23:05","modified_gmt":"2017-04-17T12:23:05","slug":"recoleccion-de-basura-se-queda-a-cargo-del-ayuntamiento","status":"publish","type":"post","link":"https:\/\/plazajuarez.mx\/historico\/recoleccion-de-basura-se-queda-a-cargo-del-ayuntamiento\/","title":{"rendered":"Recolecci\u00f3n de basura se queda a cargo del Ayuntamiento"},"content":{"rendered":"<p>Mineral de la Reforma<br \/>Sin embargo est\u00e1 en an\u00e1lisis la disposici\u00f3n final de los residuos s\u00f3lidos<\/p>\n<p>  <!--more-->  <\/p>\n<p>El presidente municipal de Mineral de la Reforma, Ra\u00fal Camacho Ba\u00f1os, asegur\u00f3 que el servicio de recolecci\u00f3n de basura se quedar\u00e1 a cargo del ayuntamiento; sin embargo est\u00e1 en an\u00e1lisis la disposici\u00f3n final de los residuos s\u00f3lidos.<\/p>\n<p>Destac\u00f3 que estuvieron depositando los desechos en el Huixmi, no obstante llevan cerca de dos semanas disponiendo la basura en la planta Valorsum; &#8220;En la Planta estamos trabajando, est\u00e1n sacando las bolsas, no sabr\u00eda a d\u00f3nde las est\u00e1n llevando, pero ya las est\u00e1n retirando&#8221;, dijo.<\/p>\n<p>Respecto a las mesas de negociaci\u00f3n con los municipios de la zona metropolitana para la construcci\u00f3n de las celdas en el Huixmi, Camacho Ba\u00f1os indic\u00f3 que ya se est\u00e1n realizando, no obstante es un proceso que tardar\u00e1, &#8220;no es f\u00e1cil, primero debemos convencerlos que tambi\u00e9n\u00a0 tienen que aportar, que cada quien va a dar de acuerdo a la magnitud\u00a0 de toneladas que deposite, todav\u00eda no tenemos cifras del costo, estamos organiz\u00e1ndonos ahorita para hacer ese proyecto&#8221;.<\/p>\n<p>En otro tema, respecto a la negociaci\u00f3n con el sindicato, record\u00f3 que la semana pasada fue firmado el acuerdo en donde se especifica un incremento del cinco por ciento, mismo que fue aplicado en esta quincena.<\/p>\n<p>Asimismo se\u00f1al\u00f3 que las prestaciones vienen establecidas en diferentes rubros pero lo m\u00e1s sustancioso es el cinco por ciento que va directo al salario, &#8220;las prestaciones ayudan, pero lo que les ayuda es el cinco por ciento al salario&#8221;.<\/p>\n<p>Finalmente, refiri\u00f3 que actualmente la presidencia cuenta con mil trabajadores, y en cuanto al servicio m\u00e9dico este se proporciona a trav\u00e9s de la Cruz Roja.<\/p>\n","protected":false},"excerpt":{"rendered":"<p>Mineral de la ReformaSin embargo est\u00e1 en an\u00e1lisis la disposici\u00f3n final de los residuos s\u00f3lidos<\/p>\n","protected":false},"author":93,"featured_media":0,"comment_status":"open","ping_status":"open","sticky":false,"template":"","format":"standard","meta":{"footnotes":""},"categories":[59],"tags":[],"class_list":["post-39753","post","type-post","status-publish","format-standard","hentry","category-general"],"_links":{"self":[{"href":"https:\/\/plazajuarez.mx\/historico\/wp-json\/wp\/v2\/posts\/39753","targetHints":{"allow":["GET"]}}],"collection":[{"href":"https:\/\/plazajuarez.mx\/historico\/wp-json\/wp\/v2\/posts"}],"about":[{"href":"https:\/\/plazajuarez.mx\/historico\/wp-json\/wp\/v2\/types\/post"}],"author":[{"embeddable":true,"href":"https:\/\/plazajuarez.mx\/historico\/wp-json\/wp\/v2\/users\/93"}],"replies":[{"embeddable":true,"href":"https:\/\/plazajuarez.mx\/historico\/wp-json\/wp\/v2\/comments?post=39753"}],"version-history":[{"count":0,"href":"https:\/\/plazajuarez.mx\/historico\/wp-json\/wp\/v2\/posts\/39753\/revisions"}],"wp:attachment":[{"href":"https:\/\/plazajuarez.mx\/historico\/wp-json\/wp\/v2\/media?parent=39753"}],"wp:term":[{"taxonomy":"category","embeddable":true,"href":"https:\/\/plazajuarez.mx\/historico\/wp-json\/wp\/v2\/categories?post=39753"},{"taxonomy":"post_tag","embeddable":true,"href":"https:\/\/plazajuarez.mx\/historico\/wp-json\/wp\/v2\/tags?post=39753"}],"curies":[{"name":"wp","href":"https:\/\/api.w.org\/{rel}","templated":true}]}}