{"id":39749,"date":"2017-04-17T12:24:42","date_gmt":"2017-04-17T12:24:42","guid":{"rendered":"http:\/\/plazajuarez.mx\/index\/index.php\/2017\/04\/17\/retratos-hablados-358\/"},"modified":"2017-04-17T12:24:42","modified_gmt":"2017-04-17T12:24:42","slug":"retratos-hablados-358","status":"publish","type":"post","link":"https:\/\/plazajuarez.mx\/historico\/retratos-hablados-358\/","title":{"rendered":"RETRATOS HABLADOS"},"content":{"rendered":"<p>De Bucareli a la candidatura<br \/>MINUTARIO<\/p>\n<p>  <!--more-->  <\/p>\n<p>No habr\u00e1 desde estos momentos hasta que se lleve a cabo la elecci\u00f3n presidencial en nuestro pa\u00eds, un solo hecho que se considere ajeno a este acontecimiento. La misma impartici\u00f3n o aplicaci\u00f3n de la justicia de hecho ya empez\u00f3 a ser observada y enjuiciada bajo esa \u00f3ptica.<br \/>\u00a0\u00a0\u00a0 La detenci\u00f3n del ex gobernador veracruzano, Javier Duarte, registrada apenas hace unas horas en Guatemala, ha servido como argumento a los aspirantes opositores a la primera magistratura del pa\u00eds\u00a0 para hacer cr\u00edticas furibundas, y lo contrario, que no fuera capturado, igual.<br \/>\u00a0\u00a0\u00a0 De tal manera que ninguna acci\u00f3n del actual r\u00e9gimen ser\u00e1 vista ajena a la carrera presidencial, por lo que es evidente que la captura del facineroso ex gobernante, impacta de manera positiva a quien tuvo a su cargo su b\u00fasqueda y detenci\u00f3n.<br \/>\u00a0\u00a0\u00a0 Miguel \u00c1ngel Osorio Chong, secretario de Gobernaci\u00f3n, asumi\u00f3 la responsabilidad de dar con el paradero de Javier Duarte y traerlo al pa\u00eds para que pague por sus delitos, pero tambi\u00e9n regrese el dinero robado al pueblo de Veracruz. Con esta \u00faltima acci\u00f3n es evidente que el responsable de la pol\u00edtica interior del pa\u00eds, amarrar\u00e1 la nominaci\u00f3n de su partido a la Presidencia de M\u00e9xico.<br \/>\u00a0\u00a0\u00a0 Por adem\u00e1s resulta algo evidente para estos momentos, que el Revolucionario Institucional simplemente no tiene ning\u00fan otro cuadro pol\u00edtico preparado para hacer frente al reto may\u00fasculo que representar\u00e1n los comicios de 2018, por la tendencia de no pocos sectores del pa\u00eds a dar por hecho que \u201c\u00e9sta ser\u00e1 la buena de Andr\u00e9s Manuel L\u00f3pez Obrador\u201d.<br \/>\u00a0\u00a0\u00a0 Desdibujado el PRD, y con una pugna interna en Acci\u00f3n Nacional, donde el ex presidente Calder\u00f3n pretende imponer a su esposa como candidata, Osorio Chong y AMLO habr\u00e1n de escenificar una de las contiendas m\u00e1s interesantes en la historia pol\u00edtica del pa\u00eds.<br \/>\u00a0\u00a0\u00a0 Del tabasque\u00f1o est\u00e1 claro que casi todos conocemos su historia, y mal har\u00edamos en descalificarlo simplemente porque algunos lo tildan de \u201cobsesionado por el poder y populista\u201d, aunque sin duda por ah\u00ed habr\u00e1 de ir la campa\u00f1a que buscar\u00e1 a toda costa colocarlo al lado de Nicol\u00e1s Maduro como ejemplo de lo que suceder\u00e1 de llegar a Palacio Nacional.<br \/>\u00a0\u00a0\u00a0 Sin embargo el Secretario de Gobernaci\u00f3n re\u00fane uno de los perfiles m\u00e1s interesantes despu\u00e9s de muchos a\u00f1os en el Revolucionario Institucional: se trata de un pol\u00edtico joven con una presencia cada vez m\u00e1s reconocida por la sociedad; que sabe mandar y sobre todas las cosas, le reconocen autoridad.<br \/>\u00a0\u00a0\u00a0 Ha logrado sortear los momentos m\u00e1s cr\u00edticos de la administraci\u00f3n Pe\u00f1ista, sin salir derrotado y por el contrario, cuando muchos daban por hecho que renunciar\u00eda y habr\u00eda de desaparecer del escenario pol\u00edtico, logr\u00f3 recuperarse de golpes y traiciones internas, y de nuevo colocarse como la \u00fanica y mejor opci\u00f3n pri\u00edsta.<br \/>\u00a0\u00a0\u00a0 A la par empieza a ser considerado como un pol\u00edtico cercano a los ciudadanos, especialmente los j\u00f3venes, que lo consideran uno de los suyos y la mejor opci\u00f3n ante un L\u00f3pez Obrador que dif\u00edcilmente conecta con el sector de los de menos edad en el pa\u00eds.<br \/>\u00a0\u00a0\u00a0 A lo anterior agregue un trabajo intenso a ras de tierra que ha realizado pr\u00e1cticamente desde que empez\u00f3 el actual sexenio, que lo coloca como un personaje conocido y reconocido por un buen n\u00famero de mexicanos.<br \/>\u00a0\u00a0\u00a0 Y es cierto, la detenci\u00f3n de Javier Duarte lo coloca en una posici\u00f3n inmejorable para ser el candidato a la Presidencia, incluso muy probablemente sin necesidad de que renuncie al cargo y se vaya a la Secretar\u00eda de Desarrollo Social o algo similar.<br \/>\u00a0\u00a0\u00a0 Todo indica que de nueva cuenta, y luego de mucho tiempo, el inquilino del Palacio de Cobi\u00e1n saldr\u00e1 de ah\u00ed mismo a la campa\u00f1a presidencial.<br \/>MINUTARIO.- EL CENTRO DE REHABILITACI\u00d3N INTEGRAL DE HIDALGO, localizado sobre el bulevar en Pachuca, presenta severas carencias que deben ser atendidas a la brevedad. Baste se\u00f1alar que el aparato para la toma de placas de Rayos X se encuentra inutilizada desde hace tiempo, y ninguna autoridad ha tomado cartas en el asunto. Ideado y construido por la se\u00f1ora Mar\u00eda Elena Sa\u00f1udo, durante mucho tiempo ha mantenido pese a todo, es decir la falta de mantenimiento y equipamiento, un primer\u00edsimo lugar en la regi\u00f3n. Sin embargo hace falta, y de manera urgente, que se le invierta, porque sin publicidad ni convenios abusivos tal cual el Centro de Rehabilitaci\u00f3n Telet\u00f3n, ha dado atenci\u00f3n a mucha m\u00e1s gente y sin beneficios para una empresa en particular. Por justicia debe aplicarse una partida presupuestal para su mantenimiento y dotaci\u00f3n de nuevos equipos.<\/p>\n<p>Mil gracias, hasta ma\u00f1ana.<\/p>\n<p>jeperalta@plazajuarez.mx\/historico\/historico<br \/>twitter: @JavierEPeralta<\/p>\n","protected":false},"excerpt":{"rendered":"<p>De Bucareli a la candidaturaMINUTARIO<\/p>\n","protected":false},"author":93,"featured_media":0,"comment_status":"open","ping_status":"open","sticky":false,"template":"","format":"standard","meta":{"footnotes":""},"categories":[42],"tags":[],"class_list":["post-39749","post","type-post","status-publish","format-standard","hentry","category-nuestrapalabra"],"_links":{"self":[{"href":"https:\/\/plazajuarez.mx\/historico\/wp-json\/wp\/v2\/posts\/39749","targetHints":{"allow":["GET"]}}],"collection":[{"href":"https:\/\/plazajuarez.mx\/historico\/wp-json\/wp\/v2\/posts"}],"about":[{"href":"https:\/\/plazajuarez.mx\/historico\/wp-json\/wp\/v2\/types\/post"}],"author":[{"embeddable":true,"href":"https:\/\/plazajuarez.mx\/historico\/wp-json\/wp\/v2\/users\/93"}],"replies":[{"embeddable":true,"href":"https:\/\/plazajuarez.mx\/historico\/wp-json\/wp\/v2\/comments?post=39749"}],"version-history":[{"count":0,"href":"https:\/\/plazajuarez.mx\/historico\/wp-json\/wp\/v2\/posts\/39749\/revisions"}],"wp:attachment":[{"href":"https:\/\/plazajuarez.mx\/historico\/wp-json\/wp\/v2\/media?parent=39749"}],"wp:term":[{"taxonomy":"category","embeddable":true,"href":"https:\/\/plazajuarez.mx\/historico\/wp-json\/wp\/v2\/categories?post=39749"},{"taxonomy":"post_tag","embeddable":true,"href":"https:\/\/plazajuarez.mx\/historico\/wp-json\/wp\/v2\/tags?post=39749"}],"curies":[{"name":"wp","href":"https:\/\/api.w.org\/{rel}","templated":true}]}}