{"id":39748,"date":"2017-04-17T12:24:42","date_gmt":"2017-04-17T12:24:42","guid":{"rendered":"http:\/\/plazajuarez.mx\/index\/index.php\/2017\/04\/17\/alfil-negro-769\/"},"modified":"2017-04-17T12:24:42","modified_gmt":"2017-04-17T12:24:42","slug":"alfil-negro-769","status":"publish","type":"post","link":"https:\/\/plazajuarez.mx\/historico\/alfil-negro-769\/","title":{"rendered":"ALFIL NEGRO"},"content":{"rendered":"<p>(Pasada la Semana Santa se inician los tiempos fuertes para la gran elecci\u00f3n que le dar\u00e1 a nuestro pa\u00eds un nuevo Presidente de la Rep\u00fablica y en la que todo indica estar\u00e1 como candidato del PRI nuestro paisano MIGUEL \u00c1NGEL OSORIO, entre otras razones, porque es el mejor posicionado de las opciones de este partido y porque al partido tricolor no le da tiempo de andar inventando candidaturas al cuarto para las doce, porque los otros partidos de hecho ya hasta andan en campa\u00f1a. Por esta raz\u00f3n, en unos d\u00edas, deben venir movimientos fuertes en el Gabinete del Presidente Pe\u00f1a Nieto).<\/p>\n<p>  <!--more-->  <\/p>\n<p>ESTO YA EMPEZ\u00d3<br \/>Lo que pase o deje de pasar en el escenario pol\u00edtico del pa\u00eds en estos d\u00edas se debe ver, para tener una lectura m\u00e1s o menos acertada, desde los lentes de la gran elecci\u00f3n del 2018 en que se buscar\u00e1 un nuevo Presidente de la Rep\u00fablica como lo m\u00e1s fuerte de esa jornada. No queda otra alternativa para encontrar alguna explicaci\u00f3n de lo que suceda.<br \/>CANDIDATOS CASI DEFINIDOS<br \/>Los candidatos parecen definidos y algunos ya hasta realizan campa\u00f1as disfrazadas de muchas cosas, pero en el fondo son campa\u00f1as en busca del voto ciudadano. Porque para nadie pasa inadvertida la eterna campa\u00f1a de L\u00d3PEZ OBRADOR que tiene media vida en esta actividad, antes por el PRD y ahora por MORENA, aunque en Hidalgo no le fue muy bien que digamos. MARGARITA ZAVALA se dice la candidata del PAN, aunque el lastre de CALDER\u00d3N la puede hundir,\u00a0 falta por ver lo que pase con MANCERA y con RICARDO ANAYA y el ahora escritor de libros RAFAEL MORENO VALLE. La pelea no acaba de darse en sus \u00faltimos rounds.<br \/>En el PRI es donde todo indica que su candidato ser\u00e1 de Hidalgo en la persona del actual Secretario de Gobernaci\u00f3n MIGUEL \u00c1NGEL OSORIO, porque entre otras cosas representa la carta m\u00e1s fuerte y con opciones ciertas de buena lucha y de ganar, por todo el lastre que tiene este partido de una administraci\u00f3n que no ha sido todo lo exitosa que quisiera para usarse como presencia ganadora y que requiere para mantenerse en el poder, de un candidato fuerte pese a todo, con imagen de fortaleza, entr\u00f3n y de indudable liderazgo que encarna muy bien OSORIO.<br \/>DEJAR\u00c1 GOBERNACI\u00d3N<br \/>Ser\u00e1 cuesti\u00f3n de d\u00edas su renuncia a la Secretar\u00eda de Gobernaci\u00f3n, si es el candidato del PRI, porque de otro modo no puede ser el abanderado pri\u00edsta para la gran batalla.<br \/>NO SER\u00c1 UNA BATALLA F\u00c1CIL<br \/>Desde luego no ser\u00e1 una batalla f\u00e1cil. Ser\u00e1 una batalla muy dif\u00edcil, en donde las encuestas que se tienen hasta el momento, con todo lo desacreditadas que est\u00e1n, colocan al PRI en tercer lugar, despu\u00e9s de MORENA y el PAN, con la salvedad de que ellos ya est\u00e1n en campa\u00f1a y OSORIO no. <br \/>Habr\u00e1 que verlos ya en la pelea y en igualdad de circunstancias.<br \/>Porque MAO no es de los que entran a una pelea para perder. <br \/>Si es el candidato el PRI dar\u00e1 una gran batalla y tendr\u00e1 en \u00e9l, a un guerrero para la contienda electoral. <br \/>Lo primero que suponemos que har\u00e1 ser\u00e1 la elecci\u00f3n de un buen equipo de colaboradores que se encarguen de organizar a todo el pri\u00edsmo del pa\u00eds y en eso este partido sabe algo. Suena l\u00f3gico pensar que estar\u00e1n a su lado los hidalguenses que por a\u00f1os le han acompa\u00f1ado y que \u00e9l conoce y lo conocen.<br \/>En ese sentido se deben considerar a los del\u00a0 grupo del PASTE POWER como DAVID PENCHYNA, NUVIA MAYORGA, PAULA HERN\u00c1NDEZ, JORGE ROJO, EUGENIO IMAZ, CUAUHT\u00c9MOC OCHOA, entre otros.<br \/>Es apenas un esbozo de lo que puede pasar.<br \/>LENTES ELECTORALES<br \/>Dec\u00edamos que lo que sucede o no suceda en estos d\u00edas se tiene que ver con lentes electorales, pues de otro modo no tienen la l\u00f3gica elemental de la pol\u00edtica. <br \/>La captura de JAVIER DUARTE, ex gobernador de Veracruz, es un logro importante del gobierno mexicano y en particular de OSORIO. No verlo as\u00ed es negarse a la realidad. Tan es as\u00ed que el PRD dijo, en expresi\u00f3n de su vicecoordinador JES\u00daS ZAMBRANO, que la captura es una obligaci\u00f3n\u00a0 y no un m\u00e9rito del gobierno de M\u00e9xico y que no se pretenda usar como medallas para las campa\u00f1as electorales.\u00a0 Y el PAN m\u00e1s inteligente en voz de su presidente RICARDO ANAYA felicit\u00f3 al gobierno mexicano por este logro, pero dijo que la situaci\u00f3n de impunidad, corrupci\u00f3n e inseguridad la han provocado los mismos que dicen que saben gobernar. Como quien dice, golpe al de enfrente. <br \/>As\u00ed est\u00e1n las cosas apenas pasada la Semana Santa.<br \/>Esto sin duda\u2026 ya empez\u00f3.<\/p>\n","protected":false},"excerpt":{"rendered":"<p>(Pasada la Semana Santa se inician los tiempos fuertes para la gran elecci\u00f3n que le dar\u00e1 a nuestro pa\u00eds un nuevo Presidente de la Rep\u00fablica y en la que todo indica estar\u00e1 como candidato del PRI nuestro paisano MIGUEL \u00c1NGEL OSORIO, entre otras razones, porque es el mejor posicionado de las opciones de este partido [&hellip;]<\/p>\n","protected":false},"author":93,"featured_media":0,"comment_status":"open","ping_status":"open","sticky":false,"template":"","format":"standard","meta":{"footnotes":""},"categories":[42],"tags":[],"class_list":["post-39748","post","type-post","status-publish","format-standard","hentry","category-nuestrapalabra"],"_links":{"self":[{"href":"https:\/\/plazajuarez.mx\/historico\/wp-json\/wp\/v2\/posts\/39748","targetHints":{"allow":["GET"]}}],"collection":[{"href":"https:\/\/plazajuarez.mx\/historico\/wp-json\/wp\/v2\/posts"}],"about":[{"href":"https:\/\/plazajuarez.mx\/historico\/wp-json\/wp\/v2\/types\/post"}],"author":[{"embeddable":true,"href":"https:\/\/plazajuarez.mx\/historico\/wp-json\/wp\/v2\/users\/93"}],"replies":[{"embeddable":true,"href":"https:\/\/plazajuarez.mx\/historico\/wp-json\/wp\/v2\/comments?post=39748"}],"version-history":[{"count":0,"href":"https:\/\/plazajuarez.mx\/historico\/wp-json\/wp\/v2\/posts\/39748\/revisions"}],"wp:attachment":[{"href":"https:\/\/plazajuarez.mx\/historico\/wp-json\/wp\/v2\/media?parent=39748"}],"wp:term":[{"taxonomy":"category","embeddable":true,"href":"https:\/\/plazajuarez.mx\/historico\/wp-json\/wp\/v2\/categories?post=39748"},{"taxonomy":"post_tag","embeddable":true,"href":"https:\/\/plazajuarez.mx\/historico\/wp-json\/wp\/v2\/tags?post=39748"}],"curies":[{"name":"wp","href":"https:\/\/api.w.org\/{rel}","templated":true}]}}