{"id":39709,"date":"2017-04-16T14:27:03","date_gmt":"2017-04-16T14:27:03","guid":{"rendered":"http:\/\/plazajuarez.mx\/index\/index.php\/2017\/04\/16\/lo-peor-esta-por-venir-advierten\/"},"modified":"2017-04-16T14:27:03","modified_gmt":"2017-04-16T14:27:03","slug":"lo-peor-esta-por-venir-advierten","status":"publish","type":"post","link":"https:\/\/plazajuarez.mx\/historico\/lo-peor-esta-por-venir-advierten\/","title":{"rendered":"&#8220;Lo peor est\u00e1 por venir&#8221;, advierten"},"content":{"rendered":"<p>En lo que se refiere a las comunidades ind\u00edgenas zapatistas, dijo, \u201cel trabajo colectivo no lo llev\u00f3 el EZLN, tampoco el cristianismo; ni Cristo ni Marx tuvieron que ver con el que en momentos de peligro frente a amenazas externas, y tambi\u00e9n para las fiestas, la m\u00fasica y el baile la comunidad en territorio de los pueblos originarios se hace un solo colectivo\u201d.<\/p>\n<p>  <!--more-->  <\/p>\n<p dir=\"ltr\" style=\"line-height: 1.3800000000000001; margin-top: 0pt; margin-bottom: 10pt;\"><span style=\"font-size: 14pt; font-family: 'Times New Roman'; color: #000000; background-color: transparent; font-weight: 400; font-style: normal; font-variant: normal; text-decoration: none; vertical-align: baseline;\">San Crist\u00f3bal de Las Casas, Chis.- \u00a0El Subcomandante Galeano, del Ej\u00e9rcito Zapatista de Liberaci\u00f3n Nacional (EZLN), hizo un llamado a luchar en colectivo porque \u201cla tormenta viene y lo que se ve ahora no es ni remotamente el punto m\u00e1s \u00e1lgido\u201d, pues \u201clo peor est\u00e1 por venir y las individualidades por muy brillantes y capaces que se sientan no podr\u00e1n sobrevivir si no es con otros, otras\u201d.<\/span><\/p>\n<p dir=\"ltr\" style=\"line-height: 1.3800000000000001; margin-top: 0pt; margin-bottom: 10pt;\"><span style=\"font-size: 14pt; font-family: 'Times New Roman'; color: #000000; background-color: transparent; font-weight: 400; font-style: normal; font-variant: normal; text-decoration: none; vertical-align: baseline;\">Al participar en el seminario de reflexi\u00f3n cr\u00edtica &#8220;Los muros de capital, las grietas de la izquierda&#8221;, en las instalaciones del Cideci-Unitierra, ubicado en esta ciudad, tambi\u00e9n dijo que \u201cel zapatismo como pensamiento libertario no reconoce a los r\u00edos Bravo y Suchiate como l\u00edmites de su aspiraci\u00f3n de libertad\u201d, ya que su lema de \u201cpara todos todo, no reconoce fronteras\u201d, pues \u201cla lucha contra el capital es mundial\u201d.<\/span><\/p>\n<p dir=\"ltr\" style=\"line-height: 1.3800000000000001; margin-top: 0pt; margin-bottom: 10pt;\"><span style=\"font-size: 14pt; font-family: 'Times New Roman'; color: #000000; background-color: transparent; font-weight: 400; font-style: normal; font-variant: normal; text-decoration: none; vertical-align: baseline;\">La lucha de los originarios, recalc\u00f3 el dirigente zapatista, \u201cno puede ni debe de circunscribirse a M\u00e9xico, debe de alzar la mirada, el o\u00eddo y la palabra e incluir todo el continente, desde Alaska hasta Tierra del Fuego\u201d.<\/span><\/p>\n<p dir=\"ltr\" style=\"line-height: 1.3800000000000001; margin-top: 0pt; margin-bottom: 10pt;\"><span style=\"font-size: 14pt; font-family: 'Times New Roman'; color: #000000; background-color: transparent; font-weight: 400; font-style: normal; font-variant: normal; text-decoration: none; vertical-align: baseline;\">Durante su exposici\u00f3n la noche del viernes, transmitida por internet, Galeano manifest\u00f3 que luchar \u201cen colectivo es mejor que individual; no puedo explicarles cient\u00edficamente por qu\u00e9 y tienen todo el derecho de acusarme de esot\u00e9rico o de algo igualmente horrible. Lo que \u00a0hemos visto en nuestro limitado y arcaico horizonte es que el colectivo puede sacar a relucir lo mejor de cada individualidad\u201d.<\/span><\/p>\n<p dir=\"ltr\" style=\"line-height: 1.3800000000000001; margin-top: 0pt; margin-bottom: 10pt;\"><span style=\"font-size: 14pt; font-family: 'Times New Roman'; color: #000000; background-color: transparent; font-weight: 400; font-style: normal; font-variant: normal; text-decoration: none; vertical-align: baseline;\">Abund\u00f3: \u201cNo es que el colectivo te haga mejor y la individualidad te haga pero. No. Cada quien es quien es: Un complejo manojo de virtudes y defectos, lo que sea que signifiquen unas y otros pero en determinadas situaciones afloran las unas o los otros\u201d.<\/span><\/p>\n","protected":false},"excerpt":{"rendered":"<p>En lo que se refiere a las comunidades ind\u00edgenas zapatistas, dijo, \u201cel trabajo colectivo no lo llev\u00f3 el EZLN, tampoco el cristianismo; ni Cristo ni Marx tuvieron que ver con el que en momentos de peligro frente a amenazas externas, y tambi\u00e9n para las fiestas, la m\u00fasica y el baile la comunidad en territorio de [&hellip;]<\/p>\n","protected":false},"author":3,"featured_media":0,"comment_status":"open","ping_status":"open","sticky":false,"template":"","format":"standard","meta":{"footnotes":""},"categories":[36],"tags":[],"class_list":["post-39709","post","type-post","status-publish","format-standard","hentry","category-nacion"],"_links":{"self":[{"href":"https:\/\/plazajuarez.mx\/historico\/wp-json\/wp\/v2\/posts\/39709","targetHints":{"allow":["GET"]}}],"collection":[{"href":"https:\/\/plazajuarez.mx\/historico\/wp-json\/wp\/v2\/posts"}],"about":[{"href":"https:\/\/plazajuarez.mx\/historico\/wp-json\/wp\/v2\/types\/post"}],"author":[{"embeddable":true,"href":"https:\/\/plazajuarez.mx\/historico\/wp-json\/wp\/v2\/users\/3"}],"replies":[{"embeddable":true,"href":"https:\/\/plazajuarez.mx\/historico\/wp-json\/wp\/v2\/comments?post=39709"}],"version-history":[{"count":0,"href":"https:\/\/plazajuarez.mx\/historico\/wp-json\/wp\/v2\/posts\/39709\/revisions"}],"wp:attachment":[{"href":"https:\/\/plazajuarez.mx\/historico\/wp-json\/wp\/v2\/media?parent=39709"}],"wp:term":[{"taxonomy":"category","embeddable":true,"href":"https:\/\/plazajuarez.mx\/historico\/wp-json\/wp\/v2\/categories?post=39709"},{"taxonomy":"post_tag","embeddable":true,"href":"https:\/\/plazajuarez.mx\/historico\/wp-json\/wp\/v2\/tags?post=39709"}],"curies":[{"name":"wp","href":"https:\/\/api.w.org\/{rel}","templated":true}]}}