{"id":396,"date":"2015-02-07T06:00:00","date_gmt":"2015-02-07T06:00:00","guid":{"rendered":"http:\/\/plazajuarez.mx\/index\/index.php\/2015\/02\/07\/procuraduria-confirma-hallazgo-de-61-cadaveres\/"},"modified":"2015-02-07T06:00:00","modified_gmt":"2015-02-07T06:00:00","slug":"procuraduria-confirma-hallazgo-de-61-cadaveres","status":"publish","type":"post","link":"https:\/\/plazajuarez.mx\/historico\/procuraduria-confirma-hallazgo-de-61-cadaveres\/","title":{"rendered":"Procuradur\u00eda confirma hallazgo de 61 cad\u00e1veres\u00a0"},"content":{"rendered":"<p><span style=\"font-family: verdana, geneva; font-size: 10pt;\">El fiscal General de Guerrero, Miguel \u00c1ngel God\u00ednez Mu\u00f1oz, confirm\u00f3 el hallazgo de 61 cuerpos abandonados en el negocio con raz\u00f3n social Cremaciones Del Pac\u00edfico SA de CV, situado sobre la carretera Cayaco-Puerto Marqu\u00e9s en el kil\u00f3metro 507, en una zona cercana a El Coloso, una de las unidades habitacionales m\u00e1s grandes del puerto. En entrevista, el funcionario mencion\u00f3 que se est\u00e1 analizando el posible delito a investigar; &#8220;estamos ante una clara violaci\u00f3n a las leyes de sanidad en el estado de Guerrero, a lo mejor un posible fraude, porque es un crematorio abandonado; sin embargo, no podr\u00edamos dar una certeza por el momento&#8221;.\u00a0<\/span><\/p>\n<p>  <!--more-->  <\/p>\n<p><span style=\"font-family: verdana, geneva; font-size: 10pt;\"> Dijo que desde la noche del jueves, personal del departamento de Servicios periciales se traslad\u00f3 al lugar de los hechos.\u00a0<\/span><br \/><span style=\"font-family: verdana, geneva; font-size: 10pt;\"> &#8220;Hasta el momento llevamos contabilizados 61 y est\u00e1n trabajando peritos, el personal en general del servicios periciales, para determinar todo lo referente al hallazgo; hay forenses, peritos especializados en criminal\u00edstica. Se est\u00e1n cuidando todos los aspectos&#8221;.\u00a0<\/span><br \/><span style=\"font-family: verdana, geneva; font-size: 10pt;\"> Confirm\u00f3 que los cuerpos hallados cubiertos con cal son de diferentes edades y que ya se les practica la necropsia de ley.\u00a0<\/span><br \/><span style=\"font-family: verdana, geneva; font-size: 10pt;\"> Sobre si los restos hallados podr\u00edan pertenecer a los 43 normalistas de Ayotzinapa desaparecidos desde el 26 de septiembre, God\u00ednez Mu\u00f1oz coment\u00f3 que &#8220;estar\u00eda hablando de algo que al momento es muy prematuro, tenemos la investigaci\u00f3n abierta.\u00a0<\/span><br \/><span style=\"font-family: verdana, geneva; font-size: 10pt;\"> Admiti\u00f3 que no conoce del paradero del due\u00f1o del lugar, Guillermo Estuar, y a\u00fan revisan las causas del por qu\u00e9 esos cuerpos se quedaron sin cremar y qu\u00e9 pas\u00f3 con las familias que contrataron el servicio de ese negocio.\u00a0<\/span><br \/><span style=\"font-family: verdana, geneva; font-size: 10pt;\"> Vecinos del lugar confirmaron a diarios locales que el negocio llevaba m\u00e1s de siete meses abandonado y se desprend\u00edan olores f\u00e9tidos del inmueble, tambi\u00e9n se\u00f1alaron que el crematorio ten\u00eda instalaciones modernas y el lugar operaba con gran cantidad de energ\u00eda el\u00e9ctrica, lo que hizo quebrar al due\u00f1o del lugar.<\/span><\/p>\n<p><span style=\"font-family: verdana, geneva; font-size: 10pt;\">\u00a0<\/span><\/p>\n","protected":false},"excerpt":{"rendered":"<p>El fiscal General de Guerrero, Miguel \u00c1ngel God\u00ednez Mu\u00f1oz, confirm\u00f3 el hallazgo de 61 cuerpos abandonados en el negocio con raz\u00f3n social Cremaciones Del Pac\u00edfico SA de CV, situado sobre la carretera Cayaco-Puerto Marqu\u00e9s en el kil\u00f3metro 507, en una zona cercana a El Coloso, una de las unidades habitacionales m\u00e1s grandes del puerto. En [&hellip;]<\/p>\n","protected":false},"author":93,"featured_media":0,"comment_status":"open","ping_status":"open","sticky":false,"template":"","format":"standard","meta":{"footnotes":""},"categories":[37],"tags":[],"class_list":["post-396","post","type-post","status-publish","format-standard","hentry","category-barandilla"],"_links":{"self":[{"href":"https:\/\/plazajuarez.mx\/historico\/wp-json\/wp\/v2\/posts\/396","targetHints":{"allow":["GET"]}}],"collection":[{"href":"https:\/\/plazajuarez.mx\/historico\/wp-json\/wp\/v2\/posts"}],"about":[{"href":"https:\/\/plazajuarez.mx\/historico\/wp-json\/wp\/v2\/types\/post"}],"author":[{"embeddable":true,"href":"https:\/\/plazajuarez.mx\/historico\/wp-json\/wp\/v2\/users\/93"}],"replies":[{"embeddable":true,"href":"https:\/\/plazajuarez.mx\/historico\/wp-json\/wp\/v2\/comments?post=396"}],"version-history":[{"count":0,"href":"https:\/\/plazajuarez.mx\/historico\/wp-json\/wp\/v2\/posts\/396\/revisions"}],"wp:attachment":[{"href":"https:\/\/plazajuarez.mx\/historico\/wp-json\/wp\/v2\/media?parent=396"}],"wp:term":[{"taxonomy":"category","embeddable":true,"href":"https:\/\/plazajuarez.mx\/historico\/wp-json\/wp\/v2\/categories?post=396"},{"taxonomy":"post_tag","embeddable":true,"href":"https:\/\/plazajuarez.mx\/historico\/wp-json\/wp\/v2\/tags?post=396"}],"curies":[{"name":"wp","href":"https:\/\/api.w.org\/{rel}","templated":true}]}}