{"id":39391,"date":"2017-04-10T14:13:28","date_gmt":"2017-04-10T14:13:28","guid":{"rendered":"http:\/\/plazajuarez.mx\/index\/index.php\/2017\/04\/10\/eu-despliega-grupo-de-barcos-de-guerra-hacia-corea\/"},"modified":"2017-04-10T14:13:28","modified_gmt":"2017-04-10T14:13:28","slug":"eu-despliega-grupo-de-barcos-de-guerra-hacia-corea","status":"publish","type":"post","link":"https:\/\/plazajuarez.mx\/historico\/eu-despliega-grupo-de-barcos-de-guerra-hacia-corea\/","title":{"rendered":"EU DESPLIEGA GRUPO DE BARCOS  DE GUERRA HACIA COREA"},"content":{"rendered":"<p dir=\"ltr\" style=\"line-height: 1.2; margin-top: 0pt; margin-bottom: 0pt;\">En medio de crecientes tensiones por el programa nuclear de Corea del Norte, EU envi\u00f3 a la pen\u00ednsula coreana de un portaaviones y otros buques de guerra con enorme potencia de ataque.<\/p>\n<p>  <!--more-->  <\/p>\n<ul style=\"margin-top: 0pt; margin-bottom: 0pt;\">\n<li dir=\"ltr\" style=\"list-style-type: disc; font-size: 13pt; font-family: Arial; color: #14181f; background-color: transparent; font-weight: 400; font-style: normal; font-variant: normal; text-decoration: none; vertical-align: baseline;\"><\/li>\n<\/ul>\n<p dir=\"ltr\" style=\"line-height: 1.2; margin-top: 0pt; margin-bottom: 0pt;\"><span style=\"font-size: 12pt; font-family: 'Times New Roman'; color: #000000; background-color: transparent; font-weight: 400; font-style: normal; font-variant: normal; text-decoration: none; vertical-align: baseline;\">El Grupo de Ataque Carl Vinson de la Armada estadounidense est\u00e1 formado\u00a0<\/span><span style=\"font-size: 12pt; font-family: 'Times New Roman'; color: #000000; background-color: transparent; font-weight: bold; font-style: normal; font-variant: normal; text-decoration: none; vertical-align: baseline;\">por un portaaviones y otros buques de guerra con una masiva capacidad de ataque.<\/span><\/p>\n<p dir=\"ltr\" style=\"line-height: 1.2; margin-top: 14pt; margin-bottom: 14pt;\"><span style=\"font-size: 12pt; font-family: 'Times New Roman'; color: #000000; background-color: transparent; font-weight: 400; font-style: normal; font-variant: normal; text-decoration: none; vertical-align: baseline;\">El Comando del Pac\u00edfico de Estados Unidos (USPACOM) describi\u00f3 el despliegue de la agrupaci\u00f3n -que ahora se dirige hacia el occidente del Pac\u00edfico- como \u201cuna medida prudente para mantenerse preparado en la regi\u00f3n\u201d.<\/span><\/p>\n<p dir=\"ltr\" style=\"line-height: 1.2; margin-top: 0pt; margin-bottom: 14pt;\"><span style=\"font-size: 12pt; font-family: 'Times New Roman'; color: #000000; background-color: transparent; font-weight: 400; font-style: normal; font-variant: normal; text-decoration: none; vertical-align: baseline;\">El presidente Donald Trump dijo recientemente que Estados Unidos\u00a0<\/span><span style=\"font-size: 12pt; font-family: 'Times New Roman'; color: #000000; background-color: transparent; font-weight: bold; font-style: normal; font-variant: normal; text-decoration: none; vertical-align: baseline;\">est\u00e1 listo para actuar individualmente\u00a0<\/span><span style=\"font-size: 12pt; font-family: 'Times New Roman'; color: #000000; background-color: transparent; font-weight: 400; font-style: normal; font-variant: normal; text-decoration: none; vertical-align: baseline;\">para enfrentar la amenaza nuclear de Corea del Norte.<\/span><\/p>\n<p dir=\"ltr\" style=\"line-height: 1.2; margin-top: 0pt; margin-bottom: 14pt;\"><span style=\"font-size: 12pt; font-family: 'Times New Roman'; color: #000000; background-color: transparent; font-weight: 400; font-style: normal; font-variant: normal; text-decoration: none; vertical-align: baseline;\"> \u201cLa amenaza n\u00famero uno en la regi\u00f3n contin\u00faa siendo Corea del Norte, debido a su temerario, irresponsable y desestabilizador programa de pruebas nucleares y su b\u00fasqueda de una capacidad armament\u00edstica nuclear\u201d, declar\u00f3 el portavoz del USPACOM, Dave Benham.<\/span><\/p>\n<p dir=\"ltr\" style=\"line-height: 1.2; margin-top: 0pt; margin-bottom: 0pt;\"><span style=\"font-size: 12pt; font-family: 'Times New Roman'; color: #000000; background-color: transparent; font-weight: 400; font-style: normal; font-variant: normal; text-decoration: none; vertical-align: baseline;\">AFP\u00a0La agrupaci\u00f3n de buques de guerra Carl Vinson fue desviada de Singapur hacia el occidente del Pac\u00edfico.<\/span><\/p>\n<p dir=\"ltr\" style=\"line-height: 1.2; margin-top: 14pt; margin-bottom: 14pt;\"><span style=\"font-size: 12pt; font-family: 'Times New Roman'; color: #000000; background-color: transparent; font-weight: 400; font-style: normal; font-variant: normal; text-decoration: none; vertical-align: baseline;\">El Grupo de Ataque Carl Vinson est\u00e1 formado por un portaaviones, dos destructores de misiles guiados y un crucero de misiles guiados.<\/span><\/p>\n","protected":false},"excerpt":{"rendered":"<p>En medio de crecientes tensiones por el programa nuclear de Corea del Norte, EU envi\u00f3 a la pen\u00ednsula coreana de un portaaviones y otros buques de guerra con enorme potencia de ataque.<\/p>\n","protected":false},"author":3,"featured_media":0,"comment_status":"open","ping_status":"open","sticky":false,"template":"","format":"standard","meta":{"footnotes":""},"categories":[31],"tags":[],"class_list":["post-39391","post","type-post","status-publish","format-standard","hentry","category-orbe"],"_links":{"self":[{"href":"https:\/\/plazajuarez.mx\/historico\/wp-json\/wp\/v2\/posts\/39391","targetHints":{"allow":["GET"]}}],"collection":[{"href":"https:\/\/plazajuarez.mx\/historico\/wp-json\/wp\/v2\/posts"}],"about":[{"href":"https:\/\/plazajuarez.mx\/historico\/wp-json\/wp\/v2\/types\/post"}],"author":[{"embeddable":true,"href":"https:\/\/plazajuarez.mx\/historico\/wp-json\/wp\/v2\/users\/3"}],"replies":[{"embeddable":true,"href":"https:\/\/plazajuarez.mx\/historico\/wp-json\/wp\/v2\/comments?post=39391"}],"version-history":[{"count":0,"href":"https:\/\/plazajuarez.mx\/historico\/wp-json\/wp\/v2\/posts\/39391\/revisions"}],"wp:attachment":[{"href":"https:\/\/plazajuarez.mx\/historico\/wp-json\/wp\/v2\/media?parent=39391"}],"wp:term":[{"taxonomy":"category","embeddable":true,"href":"https:\/\/plazajuarez.mx\/historico\/wp-json\/wp\/v2\/categories?post=39391"},{"taxonomy":"post_tag","embeddable":true,"href":"https:\/\/plazajuarez.mx\/historico\/wp-json\/wp\/v2\/tags?post=39391"}],"curies":[{"name":"wp","href":"https:\/\/api.w.org\/{rel}","templated":true}]}}