{"id":39390,"date":"2017-04-10T14:12:47","date_gmt":"2017-04-10T14:12:47","guid":{"rendered":"http:\/\/plazajuarez.mx\/index\/index.php\/2017\/04\/10\/espana-lamenta-inhabilitacion-capriles-que-dificulta-dialogo-en-venezuela\/"},"modified":"2017-04-10T14:12:47","modified_gmt":"2017-04-10T14:12:47","slug":"espana-lamenta-inhabilitacion-capriles-que-dificulta-dialogo-en-venezuela","status":"publish","type":"post","link":"https:\/\/plazajuarez.mx\/historico\/espana-lamenta-inhabilitacion-capriles-que-dificulta-dialogo-en-venezuela\/","title":{"rendered":"Espa\u00f1a lamenta inhabilitaci\u00f3n Capriles, que dificulta di\u00e1logo en Venezuela"},"content":{"rendered":"<p dir=\"ltr\" style=\"line-height: 1.295; margin-top: 14pt; margin-bottom: 14pt;\"><span style=\"font-size: 12pt; font-family: Arial; color: #33332f; background-color: transparent; font-weight: 400; font-style: normal; font-variant: normal; text-decoration: none; vertical-align: baseline;\">El Gobierno de Espa\u00f1a lament\u00f3 ayer la inhabilitaci\u00f3n del dirigente opositor venezolano Henrique Capriles por 15 a\u00f1os para ejercer funciones p\u00fablicas, lo que en opini\u00f3n de Madrid dificulta el establecimiento de un di\u00e1logo entre el gobierno y la oposici\u00f3n en Venezuela.<\/span><\/p>\n<p>  <!--more-->  <\/p>\n<p dir=\"ltr\" style=\"line-height: 1.295; margin-top: 0pt; margin-bottom: 14pt;\"><span style=\"font-size: 12pt; font-family: Arial; color: #33332f; background-color: transparent; font-weight: 400; font-style: normal; font-variant: normal; text-decoration: none; vertical-align: baseline;\">&#8220;Esta medida dificulta a\u00fan m\u00e1s que pueda desarrollarse un di\u00e1logo sincero y efectivo entre gobierno y oposici\u00f3n, necesario para que se alcance un amplio acuerdo nacional que permita la normalizaci\u00f3n institucional y la recuperaci\u00f3n econ\u00f3mica&#8221;, declar\u00f3 el Ministerio de Asuntos Exteriores espa\u00f1ol en un comunicado.<\/span><\/p>\n<p dir=\"ltr\" style=\"line-height: 1.295; margin-top: 0pt; margin-bottom: 14pt;\"><span style=\"font-size: 12pt; font-family: Arial; color: #33332f; background-color: transparent; font-weight: 400; font-style: normal; font-variant: normal; text-decoration: none; vertical-align: baseline;\">La decisi\u00f3n de las autoridades venezolanas de inhabilitar por 15 a\u00f1os para el ejercicio de funciones p\u00fablicas al gobernador del estado de Miranda y dos veces candidato de la oposici\u00f3n a la presidencia &#8220;es un motivo m\u00e1s de preocupaci\u00f3n por la situaci\u00f3n en Venezuela&#8221;, seg\u00fan la diplomacia espa\u00f1ola.<\/span><\/p>\n<p dir=\"ltr\" style=\"line-height: 1.295; margin-top: 0pt; margin-bottom: 14pt;\"><span style=\"font-size: 12pt; font-family: Arial; color: #33332f; background-color: transparent; font-weight: 400; font-style: normal; font-variant: normal; text-decoration: none; vertical-align: baseline;\">El Ejecutivo espa\u00f1ol record\u00f3 que &#8220;todo proceso verdaderamente democr\u00e1tico en Venezuela debe ser inclusivo y desembocar en elecciones libres, conforme a los calendarios electorales fijados en la Constituci\u00f3n y en las leyes, en las que todas las opciones pol\u00edticas puedan presentarse en igualdad de condiciones&#8221;.<\/span><\/p>\n<p><span style=\"font-size: 12pt; font-family: Arial; color: #33332f; background-color: transparent; font-weight: 400; font-style: normal; font-variant: normal; text-decoration: none; vertical-align: baseline;\">Madrid insta a todas las partes &#8220;a que prevalezca la concordia y a que las diferencias entre venezolanos sean resueltas pac\u00edficamente y sin recurrir a la violencia, respetando los derechos y libertades fundamentales como el derecho de manifestaci\u00f3n pac\u00edfica&#8221;, seg\u00fan el comunicado.<\/span><\/p>\n","protected":false},"excerpt":{"rendered":"<p>El Gobierno de Espa\u00f1a lament\u00f3 ayer la inhabilitaci\u00f3n del dirigente opositor venezolano Henrique Capriles por 15 a\u00f1os para ejercer funciones p\u00fablicas, lo que en opini\u00f3n de Madrid dificulta el establecimiento de un di\u00e1logo entre el gobierno y la oposici\u00f3n en Venezuela.<\/p>\n","protected":false},"author":3,"featured_media":0,"comment_status":"open","ping_status":"open","sticky":false,"template":"","format":"standard","meta":{"footnotes":""},"categories":[31],"tags":[],"class_list":["post-39390","post","type-post","status-publish","format-standard","hentry","category-orbe"],"_links":{"self":[{"href":"https:\/\/plazajuarez.mx\/historico\/wp-json\/wp\/v2\/posts\/39390","targetHints":{"allow":["GET"]}}],"collection":[{"href":"https:\/\/plazajuarez.mx\/historico\/wp-json\/wp\/v2\/posts"}],"about":[{"href":"https:\/\/plazajuarez.mx\/historico\/wp-json\/wp\/v2\/types\/post"}],"author":[{"embeddable":true,"href":"https:\/\/plazajuarez.mx\/historico\/wp-json\/wp\/v2\/users\/3"}],"replies":[{"embeddable":true,"href":"https:\/\/plazajuarez.mx\/historico\/wp-json\/wp\/v2\/comments?post=39390"}],"version-history":[{"count":0,"href":"https:\/\/plazajuarez.mx\/historico\/wp-json\/wp\/v2\/posts\/39390\/revisions"}],"wp:attachment":[{"href":"https:\/\/plazajuarez.mx\/historico\/wp-json\/wp\/v2\/media?parent=39390"}],"wp:term":[{"taxonomy":"category","embeddable":true,"href":"https:\/\/plazajuarez.mx\/historico\/wp-json\/wp\/v2\/categories?post=39390"},{"taxonomy":"post_tag","embeddable":true,"href":"https:\/\/plazajuarez.mx\/historico\/wp-json\/wp\/v2\/tags?post=39390"}],"curies":[{"name":"wp","href":"https:\/\/api.w.org\/{rel}","templated":true}]}}