{"id":39388,"date":"2017-04-10T14:09:58","date_gmt":"2017-04-10T14:09:58","guid":{"rendered":"http:\/\/plazajuarez.mx\/index\/index.php\/2017\/04\/10\/nino-pide-maestros-que-no-esten-nomas-con-el-telefono\/"},"modified":"2017-04-10T14:09:58","modified_gmt":"2017-04-10T14:09:58","slug":"nino-pide-maestros-que-no-esten-nomas-con-el-telefono","status":"publish","type":"post","link":"https:\/\/plazajuarez.mx\/historico\/nino-pide-maestros-que-no-esten-nomas-con-el-telefono\/","title":{"rendered":"NI\u00d1O PIDE MAESTROS &#8220;QUE NO EST\u00c9N NOM\u00c1S CON EL TEL\u00c9FONO&#8221;"},"content":{"rendered":"<p dir=\"ltr\" style=\"line-height: 1.2; margin-top: 0pt; margin-bottom: 0pt;\"><span style=\"font-size: 10pt; font-family: Arial; color: #333333; background-color: transparent; font-weight: 400; font-style: normal; font-variant: normal; text-decoration: none; vertical-align: baseline;\"><br class=\"kix-line-break\" \/><br class=\"kix-line-break\" \/><\/span><\/p>\n<p><span style=\"font-size: 10pt; font-family: Arial; color: #333333; background-color: transparent; font-weight: 400; font-style: normal; font-variant: normal; text-decoration: none; vertical-align: baseline;\">ZACATECAS, Zac.- Durante la presentaci\u00f3n del Nuevo Modelo Educativo en Zacatecas, el ni\u00f1o Humberto, de la primaria Miguel Alem\u00e1n del municipio de Sa\u00edn Alto, pidi\u00f3 a Aurelio Nu\u00f1o Mayer, secretario de Educaci\u00f3n, una mejor calidad educativa, y tambi\u00e9n afirm\u00f3 que para que el pa\u00eds progrese se necesitan maestros &#8220;que no est\u00e9n nom\u00e1s con el tel\u00e9fono&#8221;.<\/span><\/p>\n<p>  <!--more-->  <\/p>\n<p><span style=\"font-size: 10pt; font-family: Arial; color: #333333; background-color: transparent; font-weight: 400; font-style: normal; font-variant: normal; text-decoration: none; vertical-align: baseline;\"><br class=\"kix-line-break\" \/><\/span><span style=\"font-size: 10pt; font-family: Arial; color: #333333; background-color: transparent; font-weight: 400; font-style: normal; font-variant: normal; text-decoration: none; vertical-align: baseline;\">El menor prosigui\u00f3 con su discurso improvisado y dijo que hay ni\u00f1os que no pueden asistir a la escuela porque viven en comunidades donde no existen escuelas.<\/span><span style=\"font-size: 10pt; font-family: Arial; color: #333333; background-color: transparent; font-weight: 400; font-style: normal; font-variant: normal; text-decoration: none; vertical-align: baseline;\"><br class=\"kix-line-break\" \/><\/span><span style=\"font-size: 10pt; font-family: Arial; color: #333333; background-color: transparent; font-weight: 400; font-style: normal; font-variant: normal; text-decoration: none; vertical-align: baseline;\">Y agreg\u00f3: \u201cQuiero pedirle a Aurelio Nu\u00f1o nos pueda ayudar a tener m\u00e1s escuelas para ver crecer a M\u00e9xico, porque M\u00e9xico puede, pero no salimos adelante (\u2026) Los ni\u00f1os somos el futuro de M\u00e9xico\u201d.<\/span><span style=\"font-size: 10pt; font-family: Arial; color: #333333; background-color: transparent; font-weight: 400; font-style: normal; font-variant: normal; text-decoration: none; vertical-align: baseline;\"><br class=\"kix-line-break\" \/><\/span><span style=\"font-size: 10pt; font-family: Arial; color: #333333; background-color: transparent; font-weight: 400; font-style: normal; font-variant: normal; text-decoration: none; vertical-align: baseline;\">Por su parte, Aurelio felicit\u00f3 al menor por atreverse a realizar estas denuncias y las peticiones educativas para la ni\u00f1ez.<\/span><span style=\"font-size: 10pt; font-family: Arial; color: #333333; background-color: transparent; font-weight: 400; font-style: normal; font-variant: normal; text-decoration: none; vertical-align: baseline;\"><br class=\"kix-line-break\" \/><\/span><span style=\"font-size: 10pt; font-family: Arial; color: #333333; background-color: transparent; font-weight: 400; font-style: normal; font-variant: normal; text-decoration: none; vertical-align: baseline;\">En su mensaje, present\u00f3 los primeros ejes del Nuevo Modelo Educativo resalt\u00f3 que se busca que en unas dos d\u00e9cadas se logre una educaci\u00f3n p\u00fablica biling\u00fce.<\/span><span style=\"font-size: 10pt; font-family: Arial; color: #333333; background-color: transparent; font-weight: 400; font-style: normal; font-variant: normal; text-decoration: none; vertical-align: baseline;\"><br class=\"kix-line-break\" \/><\/span><\/p>\n","protected":false},"excerpt":{"rendered":"<p>ZACATECAS, Zac.- Durante la presentaci\u00f3n del Nuevo Modelo Educativo en Zacatecas, el ni\u00f1o Humberto, de la primaria Miguel Alem\u00e1n del municipio de Sa\u00edn Alto, pidi\u00f3 a Aurelio Nu\u00f1o Mayer, secretario de Educaci\u00f3n, una mejor calidad educativa, y tambi\u00e9n afirm\u00f3 que para que el pa\u00eds progrese se necesitan maestros &#8220;que no est\u00e9n nom\u00e1s con el tel\u00e9fono&#8221;.<\/p>\n","protected":false},"author":3,"featured_media":0,"comment_status":"open","ping_status":"open","sticky":false,"template":"","format":"standard","meta":{"footnotes":""},"categories":[36],"tags":[],"class_list":["post-39388","post","type-post","status-publish","format-standard","hentry","category-nacion"],"_links":{"self":[{"href":"https:\/\/plazajuarez.mx\/historico\/wp-json\/wp\/v2\/posts\/39388","targetHints":{"allow":["GET"]}}],"collection":[{"href":"https:\/\/plazajuarez.mx\/historico\/wp-json\/wp\/v2\/posts"}],"about":[{"href":"https:\/\/plazajuarez.mx\/historico\/wp-json\/wp\/v2\/types\/post"}],"author":[{"embeddable":true,"href":"https:\/\/plazajuarez.mx\/historico\/wp-json\/wp\/v2\/users\/3"}],"replies":[{"embeddable":true,"href":"https:\/\/plazajuarez.mx\/historico\/wp-json\/wp\/v2\/comments?post=39388"}],"version-history":[{"count":0,"href":"https:\/\/plazajuarez.mx\/historico\/wp-json\/wp\/v2\/posts\/39388\/revisions"}],"wp:attachment":[{"href":"https:\/\/plazajuarez.mx\/historico\/wp-json\/wp\/v2\/media?parent=39388"}],"wp:term":[{"taxonomy":"category","embeddable":true,"href":"https:\/\/plazajuarez.mx\/historico\/wp-json\/wp\/v2\/categories?post=39388"},{"taxonomy":"post_tag","embeddable":true,"href":"https:\/\/plazajuarez.mx\/historico\/wp-json\/wp\/v2\/tags?post=39388"}],"curies":[{"name":"wp","href":"https:\/\/api.w.org\/{rel}","templated":true}]}}