{"id":39386,"date":"2017-04-10T14:08:25","date_gmt":"2017-04-10T14:08:25","guid":{"rendered":"http:\/\/plazajuarez.mx\/index\/index.php\/2017\/04\/10\/dan-recomendacion-por-violaciones-contra-mujeres-recluidas-en-morelos\/"},"modified":"2017-04-10T14:08:25","modified_gmt":"2017-04-10T14:08:25","slug":"dan-recomendacion-por-violaciones-contra-mujeres-recluidas-en-morelos","status":"publish","type":"post","link":"https:\/\/plazajuarez.mx\/historico\/dan-recomendacion-por-violaciones-contra-mujeres-recluidas-en-morelos\/","title":{"rendered":"Dan recomendaci\u00f3n por violaciones contra mujeres recluidas en Morelos"},"content":{"rendered":"<p dir=\"ltr\" style=\"line-height: 1.2; margin-top: 0pt; margin-bottom: 0pt;\"><br class=\"kix-line-break\" \/><span style=\"font-size: 10pt; font-family: Arial; color: #333333; background-color: transparent; font-weight: 400; font-style: normal; font-variant: normal; text-decoration: none; vertical-align: baseline;\">CIUDAD DE M\u00c9XICO.- La Comisi\u00f3n Nacional de los Derechos Humanos (CNDH) emiti\u00f3 una recomendaci\u00f3n dirigida a Renato Sales Heredia, Comisionado Nacional de Seguridad, por las violaciones cometidas contra mujeres privadas de la libertad en el Centro Federal de Readaptaci\u00f3n Social (Cefereso) N\u00famero 16, en Coatl\u00e1n del R\u00edo, Morelos.<\/span><\/p>\n<p>  <!--more-->  <\/p>\n<p dir=\"ltr\" style=\"line-height: 1.2; margin-top: 0pt; margin-bottom: 0pt;\"><span style=\"font-size: 10pt; font-family: Arial; color: #333333; background-color: transparent; font-weight: 400; font-style: normal; font-variant: normal; text-decoration: none; vertical-align: baseline;\"><br class=\"kix-line-break\" \/><\/span><span style=\"font-size: 10pt; font-family: Arial; color: #333333; background-color: transparent; font-weight: 400; font-style: normal; font-variant: normal; text-decoration: none; vertical-align: baseline;\">La CNDH realiz\u00f3 diversas visitas al Cefereso, donde entrevist\u00f3 a las internas y constat\u00f3 que algunas de ellas han sido trasladadas de establecimientos penitenciarios cercanos a su domicilio o del lugar donde se segu\u00eda su proceso al Cefereso 16, siendo \u00e9sta una de las formas m\u00e1s comunes de violaci\u00f3n del derecho a la seguridad jur\u00eddica de las personas privadas de su libertad porque adem\u00e1s de obstaculizar el seguimiento de su proceso, generalmente alejan a la persona del lugar m\u00e1s cercano a su domicilio.<\/span><\/p>\n","protected":false},"excerpt":{"rendered":"<p>CIUDAD DE M\u00c9XICO.- La Comisi\u00f3n Nacional de los Derechos Humanos (CNDH) emiti\u00f3 una recomendaci\u00f3n dirigida a Renato Sales Heredia, Comisionado Nacional de Seguridad, por las violaciones cometidas contra mujeres privadas de la libertad en el Centro Federal de Readaptaci\u00f3n Social (Cefereso) N\u00famero 16, en Coatl\u00e1n del R\u00edo, Morelos.<\/p>\n","protected":false},"author":3,"featured_media":0,"comment_status":"open","ping_status":"open","sticky":false,"template":"","format":"standard","meta":{"footnotes":""},"categories":[36],"tags":[],"class_list":["post-39386","post","type-post","status-publish","format-standard","hentry","category-nacion"],"_links":{"self":[{"href":"https:\/\/plazajuarez.mx\/historico\/wp-json\/wp\/v2\/posts\/39386","targetHints":{"allow":["GET"]}}],"collection":[{"href":"https:\/\/plazajuarez.mx\/historico\/wp-json\/wp\/v2\/posts"}],"about":[{"href":"https:\/\/plazajuarez.mx\/historico\/wp-json\/wp\/v2\/types\/post"}],"author":[{"embeddable":true,"href":"https:\/\/plazajuarez.mx\/historico\/wp-json\/wp\/v2\/users\/3"}],"replies":[{"embeddable":true,"href":"https:\/\/plazajuarez.mx\/historico\/wp-json\/wp\/v2\/comments?post=39386"}],"version-history":[{"count":0,"href":"https:\/\/plazajuarez.mx\/historico\/wp-json\/wp\/v2\/posts\/39386\/revisions"}],"wp:attachment":[{"href":"https:\/\/plazajuarez.mx\/historico\/wp-json\/wp\/v2\/media?parent=39386"}],"wp:term":[{"taxonomy":"category","embeddable":true,"href":"https:\/\/plazajuarez.mx\/historico\/wp-json\/wp\/v2\/categories?post=39386"},{"taxonomy":"post_tag","embeddable":true,"href":"https:\/\/plazajuarez.mx\/historico\/wp-json\/wp\/v2\/tags?post=39386"}],"curies":[{"name":"wp","href":"https:\/\/api.w.org\/{rel}","templated":true}]}}