{"id":3938,"date":"2015-04-18T05:00:00","date_gmt":"2015-04-18T05:00:00","guid":{"rendered":"http:\/\/plazajuarez.mx\/index\/index.php\/2015\/04\/18\/deporte-siempre-ligado-a-la-educacion\/"},"modified":"2015-04-18T05:00:00","modified_gmt":"2015-04-18T05:00:00","slug":"deporte-siempre-ligado-a-la-educacion","status":"publish","type":"post","link":"https:\/\/plazajuarez.mx\/historico\/deporte-siempre-ligado-a-la-educacion\/","title":{"rendered":"Deporte, siempre ligado a la educaci\u00f3n"},"content":{"rendered":"<ul>\n<li style=\"text-align: justify;\"><span style=\"font-size: 10pt; color: #000000;\">Olvera Ruiz inaugura segunda jornada Nacional de encuentro deportivos, art\u00edsticos y culturales del SNTE<\/span><\/li>\n<li style=\"text-align: justify;\"><span style=\"font-size: 10pt; color: #000000;\">Reconoce En los docentes el ejercito aliado para impulsar al pilar del desarrollo que es la educaci\u00f3n<\/span><\/li>\n<li style=\"text-align: justify;\"><span style=\"font-size: 10pt; color: #000000;\">M\u00e1s tarde abandera a la delegaci\u00f3n hidalguense para las olimpiadas y paralimpiada 2015<\/span><\/li>\n<\/ul>\n<p style=\"text-align: justify;\"><span style=\"font-size: 10pt; color: #000000;\">Este viernes, el gobernador del estado, Jos\u00e9 Francisco Olvera Ruiz, inaugur\u00f3 la segunda Jornada Nacional de encuentros Deportivos, Art\u00edsticos y Culturales del Sindicato Nacional de Trabajadores de la Educaci\u00f3n (SNTE), donde recalc\u00f3 la importancia del deporte, no s\u00f3lo como una pr\u00e1ctica espor\u00e1dica, sino aquella que est\u00e1 ligada a la educaci\u00f3n de manera permanente.\u00a0<\/span><\/p>\n<p>  <!--more-->  <\/p>\n<p style=\"text-align: justify;\"><span style=\"font-size: 10pt; color: #000000;\">Tras dar la bienvenida a los miles de docentes que acudieron a tierras hidalguenses desde Aguascalientes, Estado de M\u00e9xico, Quer\u00e9taro, Guanajuato y San Luis Potos\u00ed para competir en estos juegos, se resaltaron las aportaciones del deporte para reforzar valores que al mismo tiempo se transmiten a los alumnos con buenos ejemplos.\u00a0<\/span><\/p>\n<p style=\"text-align: justify;\"><span style=\"font-size: 10pt; color: #000000;\">El mandatario estatal, subray\u00f3 que en el caso de Hidalgo se est\u00e1 conciente de la aportaci\u00f3n de los docentes, por lo que se ha forjado una alianza importante con el sindicato de maestros, basada en la confianza y fincada en el absoluto respeto de la autonom\u00eda sindical.\u00a0<\/span><\/p>\n<p style=\"text-align: justify;\"><span style=\"font-size: 10pt; color: #000000;\">Enfatiz\u00f3 que en Hidalgo \u201ccreemos que el pilar del desarrollo, en un estado como el nuestro, es la educaci\u00f3n y el principal ej\u00e9rcito aliado son las y los maestros\u201d, por ello dese\u00f3 que el resto de los maestros invitados disfrutaran de su estancia en la entidad y disfrutaran, sobre todo de la gran gastronom\u00eda que oferta el estado.\u00a0<\/span><\/p>\n<p style=\"text-align: justify;\"><span style=\"font-size: 10pt; color: #000000;\">En su mensaje, el secretario general de la Secci\u00f3n XV del SNTE en Hidalgo, Francisco Sinuh\u00e9 Ram\u00edrez, destac\u00f3 la unidad del gremio magisterial que se pondr\u00e1 en evidencia con la segunda edici\u00f3n de estos juegos, de la cual la entidad es sede, y por ello invit\u00f3 al resto de los maestros a seguir unidos por la educaci\u00f3n,\u00a0<\/span><\/p>\n<p style=\"text-align: justify;\"><span style=\"font-size: 10pt; color: #000000;\">Afirm\u00f3 que ante los embates de los retractores del magisterio, \u00e9stos jam\u00e1s lograr\u00e1n entender que los docentes se han forjado al lado del pueblo y por ello, a pesar de todo, su mejor aliado siempre ser\u00e1 la sociedad.\u00a0<\/span><\/p>\n<p style=\"text-align: justify;\"><span style=\"font-size: 10pt; color: #000000;\">Por su parte, Mirna Isabel Sald\u00edvar Paz, representante personal del l\u00edder sindical a nivel nacional, Juan D\u00edaz de la Torre, coincidi\u00f3 en enaltecer la unidad del gremio magisterial y afirm\u00f3 que con eventos como estos se reitera el compromiso de los maestros y\u00a0 se da muestra\u00a0 de que no s\u00f3lo impulsan la calidad educativa, sino tambi\u00e9n la calidad de vida de los mexicanos a trav\u00e9s de fomentar la cultura y el deporte, desde hace 71 a\u00f1os.\u00a0<\/span><\/p>\n<p style=\"text-align: justify;\"><span style=\"font-size: 10pt; color: #000000;\">Al concluir esta inauguraci\u00f3n, el Jefe del Ejecutivo local, Jos\u00e9 Francisco Olvera Ruiz, se traslad\u00f3 al Centro de Alto Rendimiento donde abander\u00f3 a la delegaci\u00f3n hidalguense que acudir\u00e1 a Nuevo Le\u00f3n en pr\u00f3ximas fechas, a la Olimpiada y Paralimpiada Nacional 2015; ah\u00ed reiter\u00f3 que para Hidalgo el deporte forma parte de la educaci\u00f3n y desarrollo de los y las hidalguenses.<\/span><\/p>\n","protected":false},"excerpt":{"rendered":"<p>Olvera Ruiz inaugura segunda jornada Nacional de encuentro deportivos, art\u00edsticos y culturales del SNTE Reconoce En los docentes el ejercito aliado para impulsar al pilar del desarrollo que es la educaci\u00f3n M\u00e1s tarde abandera a la delegaci\u00f3n hidalguense para las olimpiadas y paralimpiada 2015 Este viernes, el gobernador del estado, Jos\u00e9 Francisco Olvera Ruiz, inaugur\u00f3 [&hellip;]<\/p>\n","protected":false},"author":1,"featured_media":0,"comment_status":"open","ping_status":"open","sticky":false,"template":"","format":"standard","meta":{"footnotes":""},"categories":[59],"tags":[],"class_list":["post-3938","post","type-post","status-publish","format-standard","hentry","category-general"],"_links":{"self":[{"href":"https:\/\/plazajuarez.mx\/historico\/wp-json\/wp\/v2\/posts\/3938","targetHints":{"allow":["GET"]}}],"collection":[{"href":"https:\/\/plazajuarez.mx\/historico\/wp-json\/wp\/v2\/posts"}],"about":[{"href":"https:\/\/plazajuarez.mx\/historico\/wp-json\/wp\/v2\/types\/post"}],"author":[{"embeddable":true,"href":"https:\/\/plazajuarez.mx\/historico\/wp-json\/wp\/v2\/users\/1"}],"replies":[{"embeddable":true,"href":"https:\/\/plazajuarez.mx\/historico\/wp-json\/wp\/v2\/comments?post=3938"}],"version-history":[{"count":0,"href":"https:\/\/plazajuarez.mx\/historico\/wp-json\/wp\/v2\/posts\/3938\/revisions"}],"wp:attachment":[{"href":"https:\/\/plazajuarez.mx\/historico\/wp-json\/wp\/v2\/media?parent=3938"}],"wp:term":[{"taxonomy":"category","embeddable":true,"href":"https:\/\/plazajuarez.mx\/historico\/wp-json\/wp\/v2\/categories?post=3938"},{"taxonomy":"post_tag","embeddable":true,"href":"https:\/\/plazajuarez.mx\/historico\/wp-json\/wp\/v2\/tags?post=3938"}],"curies":[{"name":"wp","href":"https:\/\/api.w.org\/{rel}","templated":true}]}}