{"id":3937,"date":"2015-04-18T05:00:00","date_gmt":"2015-04-18T05:00:00","guid":{"rendered":"http:\/\/plazajuarez.mx\/index\/index.php\/2015\/04\/18\/abusan-taxistas-en-cobros\/"},"modified":"2015-04-18T05:00:00","modified_gmt":"2015-04-18T05:00:00","slug":"abusan-taxistas-en-cobros","status":"publish","type":"post","link":"https:\/\/plazajuarez.mx\/historico\/abusan-taxistas-en-cobros\/","title":{"rendered":"Abusan taxistas en cobros"},"content":{"rendered":"<p style=\"text-align: justify;\"><span style=\"font-size: 10pt; color: #000000;\">ACUSA MOLESTO USUARIO<\/span><\/p>\n<ul style=\"text-align: justify;\">\n<li><span style=\"font-size: 10pt; color: #000000;\">Con el argumento de que pasan de las 21 horas, alteran tarifas a su arbitrio<\/span><\/li>\n<\/ul>\n<p style=\"text-align: justify;\"><span style=\"font-size: 10pt; color: #000000;\">Erik Hern\u00e1ndez, usuario del transporte p\u00fablico en la capital hidalguense, dio a conocer ante este medio informativo, su inconformidad por la acci\u00f3n arbitraria de los taxistas que tienen su base en la Central de Abastos, ya que, molesto, afirma que incrementan la tarifa m\u00ednima, de 30 pesos, hasta en 20 pesos m\u00e1s, con el argumento de que pasan de las 21 horas.<\/span><\/p>\n<p>  <!--more-->  <\/p>\n<p style=\"text-align: justify;\"><span style=\"font-size: 10pt; color: #000000;\">Por tal situaci\u00f3n, pide encarecidamente la inmediata intervenci\u00f3n de la Subsecretar\u00eda del Transporte en Hidalgo, ya que como usuarios de taxis sufren el indiscriminado aumento en las tarifas por parte de algunos conductores que ofrecen dicho servicio.<\/span><\/p>\n<p style=\"text-align: justify;\"><span style=\"font-size: 10pt; color: #000000;\">\u201cYo fui v\u00edctima de este abuso por parte de los ruleteros, en tres ocasiones, lamentablemente mi trabajo no me permite salir antes de las 9:30 de la noche y pues ya no alcanzo combis, y ok estoy de acuerdo que le suban cinco pesos pero no 15 o hasta 20, y si no se les paga lo que piden no realizan el servicio y te dicen si quiere si no, no y ya. Eso es un abuso, bola de rateros\u201d, expres\u00f3 el quejoso.<\/span><\/p>\n<p style=\"text-align: justify;\"><span style=\"font-size: 10pt; color: #000000;\">Reiter\u00f3 su petici\u00f3n a las autoridades correspondientes para que intervengan cuanto antes en esta problem\u00e1tica que afecta seriamente a la econom\u00eda de la poblaci\u00f3n pachuque\u00f1a, por lo que exhorta a que los inspectores del transporte p\u00fablico atiendan sus tareas, en este y en otros puntos de la ciudad, para que ning\u00fan trabajador del volante cobre de m\u00e1s, y se sancionen a los que indebidamente alteran las tarifas establecidas.<\/span><\/p>\n<p style=\"text-align: justify;\"><span style=\"font-size: 10pt; color: #000000;\">Demand\u00f3 que cesen tales abusos contra quienes tienen la necesidad de utilizar este tipo de transporte por la noche, pues en realidad hay algunos ruleteros que no toman en cuenta la situaci\u00f3n econ\u00f3mica que atraviesa la mayor\u00eda de la gente. \u201cQue respeten las tarifas y que presten un buen servicio a la comunidad, como seg\u00fan es la intenci\u00f3n que han venido pregonando\u201d.<\/span><\/p>\n","protected":false},"excerpt":{"rendered":"<p>ACUSA MOLESTO USUARIO Con el argumento de que pasan de las 21 horas, alteran tarifas a su arbitrio Erik Hern\u00e1ndez, usuario del transporte p\u00fablico en la capital hidalguense, dio a conocer ante este medio informativo, su inconformidad por la acci\u00f3n arbitraria de los taxistas que tienen su base en la Central de Abastos, ya que, [&hellip;]<\/p>\n","protected":false},"author":3,"featured_media":0,"comment_status":"open","ping_status":"open","sticky":false,"template":"","format":"standard","meta":{"footnotes":""},"categories":[59],"tags":[],"class_list":["post-3937","post","type-post","status-publish","format-standard","hentry","category-general"],"_links":{"self":[{"href":"https:\/\/plazajuarez.mx\/historico\/wp-json\/wp\/v2\/posts\/3937","targetHints":{"allow":["GET"]}}],"collection":[{"href":"https:\/\/plazajuarez.mx\/historico\/wp-json\/wp\/v2\/posts"}],"about":[{"href":"https:\/\/plazajuarez.mx\/historico\/wp-json\/wp\/v2\/types\/post"}],"author":[{"embeddable":true,"href":"https:\/\/plazajuarez.mx\/historico\/wp-json\/wp\/v2\/users\/3"}],"replies":[{"embeddable":true,"href":"https:\/\/plazajuarez.mx\/historico\/wp-json\/wp\/v2\/comments?post=3937"}],"version-history":[{"count":0,"href":"https:\/\/plazajuarez.mx\/historico\/wp-json\/wp\/v2\/posts\/3937\/revisions"}],"wp:attachment":[{"href":"https:\/\/plazajuarez.mx\/historico\/wp-json\/wp\/v2\/media?parent=3937"}],"wp:term":[{"taxonomy":"category","embeddable":true,"href":"https:\/\/plazajuarez.mx\/historico\/wp-json\/wp\/v2\/categories?post=3937"},{"taxonomy":"post_tag","embeddable":true,"href":"https:\/\/plazajuarez.mx\/historico\/wp-json\/wp\/v2\/tags?post=3937"}],"curies":[{"name":"wp","href":"https:\/\/api.w.org\/{rel}","templated":true}]}}