{"id":3936,"date":"2015-04-18T05:00:00","date_gmt":"2015-04-18T05:00:00","guid":{"rendered":"http:\/\/plazajuarez.mx\/index\/index.php\/2015\/04\/18\/campanas-transcurren-en-tranquilidad\/"},"modified":"2015-04-18T05:00:00","modified_gmt":"2015-04-18T05:00:00","slug":"campanas-transcurren-en-tranquilidad","status":"publish","type":"post","link":"https:\/\/plazajuarez.mx\/historico\/campanas-transcurren-en-tranquilidad\/","title":{"rendered":"Campa\u00f1as transcurren en tranquilidad"},"content":{"rendered":"<p style=\"text-align: justify;\"><span style=\"font-size: 10pt; color: #000000;\">HASTA EL MOMENTO\u00a0<\/span><\/p>\n<ul style=\"text-align: justify;\">\n<li><span style=\"font-size: 10pt; color: #000000;\">No se han reanudado las mesas pol\u00edticas, falta asistencia de algunos partidos<\/span><\/li>\n<li><span style=\"font-size: 10pt; color: #000000;\">\u00a0Olvera Ruiz habla de la empresa involucrada en caso de Osorio Chong<\/span><\/li>\n<\/ul>\n<p style=\"text-align: justify;\"><span style=\"font-size: 10pt; color: #000000;\">Tras casi dos semanas de campa\u00f1as, rumbo al 7 de junio, el gobernador del estado, Jos\u00e9 Francisco Olvera Ruiz, revel\u00f3 que al momento, afortunadamente, todo ha transcurrido con tranquilidad, normales y los partidos pol\u00edticos est\u00e1n \u201cmetidos en su chamba\u201d, dijo.\u00a0<\/span><\/p>\n<p>  <!--more-->  <\/p>\n<p style=\"text-align: justify;\"><span style=\"font-size: 10pt; color: #000000;\">En entrevista, el mandatario report\u00f3 que durante estos primeros d\u00edas de campa\u00f1as no ha habido incidentes \u201ccreo que ha estado todo, hasta ahorita, dentro del marco de la ley\u201d y agreg\u00f3 que nadie ha pedido seguridad para alg\u00fan partido en particular.\u00a0<\/span><\/p>\n<p style=\"text-align: justify;\"><span style=\"font-size: 10pt; color: #000000;\">Al cuestionarle si se han tenido acercamientos con alg\u00fan partido, mencion\u00f3 que quien est\u00e1 en contacto con los partidos pol\u00edticos es el Secretario de Gobierno, quien pr\u00e1cticamente, dijo, platica con alg\u00fan dirigente de partido, por lo que reiter\u00f3 que al momento \u201cno hemos tenido se\u00f1alamiento mayor\u201d.\u00a0<\/span><\/p>\n<p style=\"text-align: justify;\"><span style=\"font-size: 10pt; color: #000000;\">Respecto a las acusaciones de represi\u00f3n por parte de un candidato de Morena en Santiago de Anaya, el gobernador aclar\u00f3 que el hecho fue que se estaban aprovechando de un evento distinto para hacer proselitismo y se pidi\u00f3 que no se confundieran las situaciones.\u00a0<\/span><\/p>\n<p style=\"text-align: justify;\"><span style=\"font-size: 10pt; color: #000000;\">\u201cQue no se aprovechara de un evento hist\u00f3rico como es la muestra gastronomita para hacer proselitismo ah\u00ed, se est\u00e1 confundiendo, pero la verdad es que hasta ahorita todos lo saben, todos lo entienden, no hay esquema de represi\u00f3n, todos los Presidentes Municipales est\u00e1n siendo muy respetuosos y cuidadosos con su conducta\u201d, recalc\u00f3.\u00a0<\/span><\/p>\n<p style=\"text-align: justify;\"><span style=\"font-size: 10pt; color: #000000;\">Sobre las mesas de di\u00e1logo, el gobernador hidalguense revel\u00f3 que el Secretario de Gobierno est\u00e1 en ese trabajo, sin embargo no todos los partidos han estado en la posibilidad de que se instale la mesa, de ah\u00ed que dijo \u201cestamos esperando que se re\u00fana la voluntad\u201d, pues acept\u00f3 que hay quienes simplemente no han acudido a los llamados y prefiri\u00f3 no comentar los nombres de dichos partidos.\u00a0<\/span><\/p>\n<p style=\"text-align: justify;\"><span style=\"font-size: 10pt; color: #000000;\">En otros temas relacionados con las campa\u00f1as electorales, Olvera Ruiz dijo respetar la libertad de expresi\u00f3n y de opini\u00f3n, ante el hecho de que alg\u00fan partido decida utilizar la obra p\u00fablica para atacar o tratar de apuntalar su propuesta, como es el caso del Tuzob\u00fas; no obstante, consider\u00f3 que esto es utilizar de manera muy dolosa un tema.\u00a0<\/span><\/p>\n<p style=\"text-align: justify;\"><span style=\"font-size: 10pt; color: #000000;\">A pesar de lo anterior, precis\u00f3 que en caso de Hidalgo esto no tiene mayor consecuencia \u201clas obras est\u00e1n caminando, las cosas se est\u00e1n realizando, vamos en tiempo, vamos en forma, hemos comprometido ya las fechas de entrega y ya ver\u00e1n que esto se transforma en una realizaci\u00f3n\u201d, dijo no estar preocupado por el tema, pues el derecho de usar esta estrategia es derecho de cada quien.\u00a0<\/span><\/p>\n<p style=\"text-align: justify;\"><span style=\"font-size: 10pt; color: #000000;\">\u201cLo est\u00e1n usando como bandera pol\u00edtica, pero vaya, yo creo que la gente es mucho m\u00e1s madura para entender las cosas\u201d, agreg\u00f3.\u00a0<\/span><\/p>\n<p style=\"text-align: justify;\"><span style=\"font-size: 10pt; color: #000000;\">Sobre su viaje a Quer\u00e9taro, se\u00f1alado por un partido pol\u00edtico, aclar\u00f3 que s\u00ed acudi\u00f3 a apoyar al candidato de su partido, pero dijo que fue en domingo, su d\u00eda de descanso, y sin usar recursos p\u00fablicos, con su veh\u00edculo particular y de manera directa para que no se prestara a ninguna especulaci\u00f3n.\u00a0<\/span><\/p>\n<p style=\"text-align: justify;\"><span style=\"font-size: 10pt; color: #000000;\"><strong>Caso de presuntas casas de Osorio Chong<\/strong>\u00a0<\/span><\/p>\n<p style=\"text-align: justify;\"><span style=\"font-size: 10pt; color: #000000;\">En otros temas, en dicha entrevista, el gobernador del estado tambi\u00e9n opin\u00f3 sobre el reportaje que public\u00f3 una revista nacional donde se implica al Secretario de Gobierno federal, Miguel \u00c1ngel Osorio Chong, con unas propiedades y una constructora hidalguense.\u00a0<\/span><\/p>\n<p style=\"text-align: justify;\"><span style=\"font-size: 10pt; color: #000000;\">Al respecto, el Jefe del Ejecutivo aclar\u00f3 que hoy \u201cno hay una sola raz\u00f3n para investigarlo (el caso), no hay un s\u00f3lo tema ni en el mismo contenido de la revista para investigarlo a ninguna, no hay ninguna demanda, ning\u00fan se\u00f1alamiento, es muy vago el comentario que hace la revista y no da lugar a ninguna investigaci\u00f3n ni un acto\u201d.\u00a0<\/span><\/p>\n<p style=\"text-align: justify;\"><span style=\"font-size: 10pt; color: #000000;\">Detall\u00f3 que la constructora a la que se refiere la revista existe y es de un empresario hidalguense conocido de muchos a\u00f1os, que trabaja bien y es muy serio en sus asuntos, de ah\u00ed que confirm\u00f3 que el Gobierno de Hidalgo s\u00ed ha trabajado con dicho empresario con contratos de bajo monto, pero s\u00ed ha tenido \u201cpr\u00e1cticamente a\u00f1o con a\u00f1o tiene contratos porque, reitero, es una empresa que trabaja muy bien\u201d, remat\u00f3.<\/span><\/p>\n","protected":false},"excerpt":{"rendered":"<p>HASTA EL MOMENTO\u00a0 No se han reanudado las mesas pol\u00edticas, falta asistencia de algunos partidos \u00a0Olvera Ruiz habla de la empresa involucrada en caso de Osorio Chong Tras casi dos semanas de campa\u00f1as, rumbo al 7 de junio, el gobernador del estado, Jos\u00e9 Francisco Olvera Ruiz, revel\u00f3 que al momento, afortunadamente, todo ha transcurrido con [&hellip;]<\/p>\n","protected":false},"author":1,"featured_media":0,"comment_status":"open","ping_status":"open","sticky":false,"template":"","format":"standard","meta":{"footnotes":""},"categories":[59],"tags":[],"class_list":["post-3936","post","type-post","status-publish","format-standard","hentry","category-general"],"_links":{"self":[{"href":"https:\/\/plazajuarez.mx\/historico\/wp-json\/wp\/v2\/posts\/3936","targetHints":{"allow":["GET"]}}],"collection":[{"href":"https:\/\/plazajuarez.mx\/historico\/wp-json\/wp\/v2\/posts"}],"about":[{"href":"https:\/\/plazajuarez.mx\/historico\/wp-json\/wp\/v2\/types\/post"}],"author":[{"embeddable":true,"href":"https:\/\/plazajuarez.mx\/historico\/wp-json\/wp\/v2\/users\/1"}],"replies":[{"embeddable":true,"href":"https:\/\/plazajuarez.mx\/historico\/wp-json\/wp\/v2\/comments?post=3936"}],"version-history":[{"count":0,"href":"https:\/\/plazajuarez.mx\/historico\/wp-json\/wp\/v2\/posts\/3936\/revisions"}],"wp:attachment":[{"href":"https:\/\/plazajuarez.mx\/historico\/wp-json\/wp\/v2\/media?parent=3936"}],"wp:term":[{"taxonomy":"category","embeddable":true,"href":"https:\/\/plazajuarez.mx\/historico\/wp-json\/wp\/v2\/categories?post=3936"},{"taxonomy":"post_tag","embeddable":true,"href":"https:\/\/plazajuarez.mx\/historico\/wp-json\/wp\/v2\/tags?post=3936"}],"curies":[{"name":"wp","href":"https:\/\/api.w.org\/{rel}","templated":true}]}}