{"id":3935,"date":"2015-04-18T05:00:00","date_gmt":"2015-04-18T05:00:00","guid":{"rendered":"http:\/\/plazajuarez.mx\/index\/index.php\/2015\/04\/18\/reforzaran-campanas-de-prevencion-de-enfermedades\/"},"modified":"2015-04-18T05:00:00","modified_gmt":"2015-04-18T05:00:00","slug":"reforzaran-campanas-de-prevencion-de-enfermedades","status":"publish","type":"post","link":"https:\/\/plazajuarez.mx\/historico\/reforzaran-campanas-de-prevencion-de-enfermedades\/","title":{"rendered":"Reforzar\u00e1n campa\u00f1as de prevenci\u00f3n de enfermedades"},"content":{"rendered":"<p style=\"text-align: justify;\"><span style=\"font-size: 10pt; color: #000000;\">EN LA HUASTECA\u00a0<\/span><\/p>\n<ul style=\"text-align: justify;\">\n<li><span style=\"font-size: 10pt; color: #000000;\">Zer\u00f3n Flores trabaja el tema en el Congreso local<\/span><\/li>\n<\/ul>\n<p style=\"text-align: justify;\"><span style=\"font-size: 10pt; color: #000000;\">El diputado local de la fracci\u00f3n del Partido Revolucionario Institucional (PRI) Omar Daladier Zer\u00f3n Flores, se\u00f1al\u00f3 que ante el incremento de temperaturas clim\u00e1ticas en la regi\u00f3n Huasteca, ya se entabl\u00f3 comunicaci\u00f3n con la comisi\u00f3n de salud del Congreso local y algunas instituciones de salud, a fin de que no se baje la guardia en materia de prevenci\u00f3n de enfermedades.<\/span><\/p>\n<p>  <!--more-->  <\/p>\n<p style=\"text-align: justify;\"><span style=\"font-size: 10pt; color: #000000;\">Zer\u00f3n Flores, adelant\u00f3 que a\u00fan no se registran temperaturas fuera de lo com\u00fan para la temporada, sin embargo, reconoci\u00f3 que ya se ha sentido un incremento de calor en comparaci\u00f3n con meses anteriores, \u201ces com\u00fan con la llegada de la primavera, las temperaturas se incrementan pero hasta el momento no hemos tenido inconvenientes al respecto\u201d, dijo.<\/span><\/p>\n<p style=\"text-align: justify;\"><span style=\"font-size: 10pt; color: #000000;\">De igual forma, coment\u00f3 que lejos de la inundaci\u00f3n que padeci\u00f3 Huejutla, no se han registrado otros inconvenientes a causa de las lluvias en la regi\u00f3n Huasteca, \u201cno hemos tenido inconvenientes clim\u00e1ticos, las presas, ya coment\u00f3 protecci\u00f3n civil, est\u00e1n a niveles que favorecer\u00e1n mucho a los cultivos, y en la Huasteca igualmente han sido muy ben\u00e9ficas\u201d.<\/span><\/p>\n<p style=\"text-align: justify;\"><span style=\"font-size: 10pt; color: #000000;\">Por lo anterior, y al recordar el brote de c\u00f3lera que se origin\u00f3 en dicha regi\u00f3n de Hidalgo, el diputado enfatiz\u00f3 que m\u00e1s que intervenciones, se contin\u00faa el trabajo en lo referente a la prevenci\u00f3n, por lo que en breve se incrementar\u00e1n las campa\u00f1as para mantener informada a la poblaci\u00f3n y se eviten brotes de enfermedades como la antes mencionada.<\/span><\/p>\n<p style=\"text-align: justify;\"><span style=\"font-size: 10pt; color: #000000;\">Finalmente, destac\u00f3 que no s\u00f3lo se trabajar\u00e1 en medidas preventivas en dicha zona, ya que en conjunto con las dependencias de salud se trabajar\u00e1 de igual forma en distintas partes de la entidad, sin embarg\u00f3, destac\u00f3 que ser\u00e1 la Huasteca una de las zonas m\u00e1s vigiladas a fin de evitar el surgimiento de enfermedades a causa del clima.<\/span><\/p>\n","protected":false},"excerpt":{"rendered":"<p>EN LA HUASTECA\u00a0 Zer\u00f3n Flores trabaja el tema en el Congreso local El diputado local de la fracci\u00f3n del Partido Revolucionario Institucional (PRI) Omar Daladier Zer\u00f3n Flores, se\u00f1al\u00f3 que ante el incremento de temperaturas clim\u00e1ticas en la regi\u00f3n Huasteca, ya se entabl\u00f3 comunicaci\u00f3n con la comisi\u00f3n de salud del Congreso local y algunas instituciones de [&hellip;]<\/p>\n","protected":false},"author":93,"featured_media":0,"comment_status":"open","ping_status":"open","sticky":false,"template":"","format":"standard","meta":{"footnotes":""},"categories":[59],"tags":[],"class_list":["post-3935","post","type-post","status-publish","format-standard","hentry","category-general"],"_links":{"self":[{"href":"https:\/\/plazajuarez.mx\/historico\/wp-json\/wp\/v2\/posts\/3935","targetHints":{"allow":["GET"]}}],"collection":[{"href":"https:\/\/plazajuarez.mx\/historico\/wp-json\/wp\/v2\/posts"}],"about":[{"href":"https:\/\/plazajuarez.mx\/historico\/wp-json\/wp\/v2\/types\/post"}],"author":[{"embeddable":true,"href":"https:\/\/plazajuarez.mx\/historico\/wp-json\/wp\/v2\/users\/93"}],"replies":[{"embeddable":true,"href":"https:\/\/plazajuarez.mx\/historico\/wp-json\/wp\/v2\/comments?post=3935"}],"version-history":[{"count":0,"href":"https:\/\/plazajuarez.mx\/historico\/wp-json\/wp\/v2\/posts\/3935\/revisions"}],"wp:attachment":[{"href":"https:\/\/plazajuarez.mx\/historico\/wp-json\/wp\/v2\/media?parent=3935"}],"wp:term":[{"taxonomy":"category","embeddable":true,"href":"https:\/\/plazajuarez.mx\/historico\/wp-json\/wp\/v2\/categories?post=3935"},{"taxonomy":"post_tag","embeddable":true,"href":"https:\/\/plazajuarez.mx\/historico\/wp-json\/wp\/v2\/tags?post=3935"}],"curies":[{"name":"wp","href":"https:\/\/api.w.org\/{rel}","templated":true}]}}