{"id":39130,"date":"2017-04-04T11:55:34","date_gmt":"2017-04-04T11:55:34","guid":{"rendered":"http:\/\/plazajuarez.mx\/index\/index.php\/2017\/04\/04\/el-caloron-politico-en-morelos\/"},"modified":"2017-04-04T11:55:34","modified_gmt":"2017-04-04T11:55:34","slug":"el-caloron-politico-en-morelos","status":"publish","type":"post","link":"https:\/\/plazajuarez.mx\/historico\/el-caloron-politico-en-morelos\/","title":{"rendered":"El calor\u00f3n pol\u00edtico en Morelos"},"content":{"rendered":"<p>Bajo Reserva Expr\u00e9s<\/p>\n<p>  <!--more-->  <\/p>\n<p>Adem\u00e1s del calor\u00f3n propio de las campa\u00f1as electorales y del mes de abril, pronto habr\u00e1 noticias candentes provenientes de Morelos.<br \/>No se trata de las acusaciones del gobierno estatal en contra del clero local, sino del caso del presidente municipal de Cuernavaca, Cuauht\u00e9moc Blanco, y el presunto contrato para hacer posible su candidatura por el Partido Socialdem\u00f3crata de Morelos.<br \/>El caso est\u00e1 en la Fiscal\u00eda Especializada en Delitos Electorales (Fepade) y nos aseguran muy pronto ser\u00e1 noticia.<\/p>\n","protected":false},"excerpt":{"rendered":"<p>Bajo Reserva Expr\u00e9s<\/p>\n","protected":false},"author":93,"featured_media":0,"comment_status":"open","ping_status":"open","sticky":false,"template":"","format":"standard","meta":{"footnotes":""},"categories":[42],"tags":[],"class_list":["post-39130","post","type-post","status-publish","format-standard","hentry","category-nuestrapalabra"],"_links":{"self":[{"href":"https:\/\/plazajuarez.mx\/historico\/wp-json\/wp\/v2\/posts\/39130","targetHints":{"allow":["GET"]}}],"collection":[{"href":"https:\/\/plazajuarez.mx\/historico\/wp-json\/wp\/v2\/posts"}],"about":[{"href":"https:\/\/plazajuarez.mx\/historico\/wp-json\/wp\/v2\/types\/post"}],"author":[{"embeddable":true,"href":"https:\/\/plazajuarez.mx\/historico\/wp-json\/wp\/v2\/users\/93"}],"replies":[{"embeddable":true,"href":"https:\/\/plazajuarez.mx\/historico\/wp-json\/wp\/v2\/comments?post=39130"}],"version-history":[{"count":0,"href":"https:\/\/plazajuarez.mx\/historico\/wp-json\/wp\/v2\/posts\/39130\/revisions"}],"wp:attachment":[{"href":"https:\/\/plazajuarez.mx\/historico\/wp-json\/wp\/v2\/media?parent=39130"}],"wp:term":[{"taxonomy":"category","embeddable":true,"href":"https:\/\/plazajuarez.mx\/historico\/wp-json\/wp\/v2\/categories?post=39130"},{"taxonomy":"post_tag","embeddable":true,"href":"https:\/\/plazajuarez.mx\/historico\/wp-json\/wp\/v2\/tags?post=39130"}],"curies":[{"name":"wp","href":"https:\/\/api.w.org\/{rel}","templated":true}]}}