{"id":39129,"date":"2017-04-04T11:53:49","date_gmt":"2017-04-04T11:53:49","guid":{"rendered":"http:\/\/plazajuarez.mx\/index\/index.php\/2017\/04\/04\/estado-de-derecho-debil\/"},"modified":"2017-04-04T11:53:49","modified_gmt":"2017-04-04T11:53:49","slug":"estado-de-derecho-debil","status":"publish","type":"post","link":"https:\/\/plazajuarez.mx\/historico\/estado-de-derecho-debil\/","title":{"rendered":"Estado de Derecho d\u00e9bil"},"content":{"rendered":"<p>Hay estados de la Rep\u00fablica como Morelos, donde la inseguridad est\u00e1 por arriba de la media nacional, la tard\u00eda respuesta de sus autoridades exaspera a la poblaci\u00f3n y le lleva a cometer hechos reprobables<\/p>\n<p>  <!--more-->  <\/p>\n<p>La fragilidad del Estado de Derecho en M\u00e9xico es asunto grave, que amenaza a las instituciones y la viabilidad de M\u00e9xico como naci\u00f3n democr\u00e1tica en el mundo global del siglo XXI. De acuerdo con World Justice Project, M\u00e9xico ocup\u00f3 el lugar 99 de 102, y el \u00faltimo lugar en Am\u00e9rica Latina en el rubro de orden y seguridad, justicia penal y corrupci\u00f3n.<br \/>Esto se confirma en lo local, con los resultados de la Encuesta Nacional de Victimizaci\u00f3n y Percepci\u00f3n sobre Seguridad P\u00fablica (Envipe 2016), cuyos datos son verdaderamente alarmantes. En M\u00e9xico \u2014seg\u00fan esta informaci\u00f3n\u2014 el 93% de los delitos no se denuncian (cifra negra), porque no hay confianza en las autoridades encargadas de la seguridad p\u00fablica. El 72% de los mexicanos vive con percepci\u00f3n de inseguridad en su entorno, y como consecuencia, han tenido que invertir m\u00e1s dinero en procurarse seguridad, con un c\u00e1lculo cercano a los 236 mil millones de pesos.<br \/>Tambi\u00e9n desde las escuelas se est\u00e1 incubando la falta de respeto a la dignidad de las personas y el apreci\u00f3 de vivir en paz y dentro del Estado de Derecho. De acuerdo con la Organizaci\u00f3n para la Cooperaci\u00f3n y el Desarrollo Econ\u00f3micos (OCDE), nuestro pa\u00eds es primer lugar internacional en violencia escolar. El 40% de los estudiantes declar\u00f3 haber sido v\u00edctima de acoso, 25% haber recibido insultos y amenazas, 17% haber sido golpeado y 44% haber atravesado por alg\u00fan episodio de violencia verbal, psicol\u00f3gica o f\u00edsica.<br \/>Hay estados de la Rep\u00fablica como Morelos, donde la inseguridad est\u00e1 por arriba de la media nacional, la tard\u00eda respuesta de sus autoridades exaspera a la poblaci\u00f3n y le lleva a cometer hechos reprobables desde el punto de vista jur\u00eddico, pero entendibles sociol\u00f3gicamente. Cuando la autoridad es omisa, el pueblo toma la justicia en sus manos.<br \/>As\u00ed ocurri\u00f3 el fin de semana que termina. En la comunidad de Marcelino Rodr\u00edguez, municipio de Axochiapan, Morelos, ocurre un secuestro \u2014por cierto, en lo que va de la actual administraci\u00f3n 2012 a 2017, se han cometido 377\u2014. Un joven estudiante del CECyTE es privado de su libertad por presuntos delincuentes \u2014dos hombres y una mujer\u2014 el pueblo se organiza; despu\u00e9s de una persecuci\u00f3n recuperan al secuestrado, detienen a los infractores. Durante horas esperan la llegada de la polic\u00eda, \u00e9sta no se presenta, la gente se amotina y uno de los individuos fue ultimado a golpes por los pobladores, como expresi\u00f3n de su hartazgo y cansancio por sufrir secuestros continuos en la regi\u00f3n, seg\u00fan dan cuenta las notas period\u00edsticas.<br \/>Como tr\u00e1gica y parad\u00f3jica conclusi\u00f3n, el bolet\u00edn oficial del Gobierno de Morelos, asegura que \u201cse actuar\u00e1 conforme a derecho\u201d.<br \/>Como colof\u00f3n de nuestra delicada situaci\u00f3n, nos enteramos esta semana de la aprehensi\u00f3n en los Estados Unidos de Am\u00e9rica, del fiscal general del estado de Nayarit, acusado de delitos contra la salud, y la solicitud para que se le decomisen bienes por m\u00e1s de 250 millones de d\u00f3lares. \u00bfQu\u00e9 servidor p\u00fablico, con su sueldo, puede amasar esa fortuna? \u00bfCu\u00e1ntos bienes ten\u00eda en M\u00e9xico? \u00bfC\u00f3mo puede llamarse a sorpresa su gobernador?<br \/>El caso del fiscal Veytia, como lo que ocurre en Morelos y otras latitudes, son prueba demoledora del d\u00e9bil Estado de Derecho en el que vivimos los mexicanos.<\/p>\n","protected":false},"excerpt":{"rendered":"<p>Hay estados de la Rep\u00fablica como Morelos, donde la inseguridad est\u00e1 por arriba de la media nacional, la tard\u00eda respuesta de sus autoridades exaspera a la poblaci\u00f3n y le lleva a cometer hechos reprobables<\/p>\n","protected":false},"author":93,"featured_media":0,"comment_status":"open","ping_status":"open","sticky":false,"template":"","format":"standard","meta":{"footnotes":""},"categories":[42],"tags":[],"class_list":["post-39129","post","type-post","status-publish","format-standard","hentry","category-nuestrapalabra"],"_links":{"self":[{"href":"https:\/\/plazajuarez.mx\/historico\/wp-json\/wp\/v2\/posts\/39129","targetHints":{"allow":["GET"]}}],"collection":[{"href":"https:\/\/plazajuarez.mx\/historico\/wp-json\/wp\/v2\/posts"}],"about":[{"href":"https:\/\/plazajuarez.mx\/historico\/wp-json\/wp\/v2\/types\/post"}],"author":[{"embeddable":true,"href":"https:\/\/plazajuarez.mx\/historico\/wp-json\/wp\/v2\/users\/93"}],"replies":[{"embeddable":true,"href":"https:\/\/plazajuarez.mx\/historico\/wp-json\/wp\/v2\/comments?post=39129"}],"version-history":[{"count":0,"href":"https:\/\/plazajuarez.mx\/historico\/wp-json\/wp\/v2\/posts\/39129\/revisions"}],"wp:attachment":[{"href":"https:\/\/plazajuarez.mx\/historico\/wp-json\/wp\/v2\/media?parent=39129"}],"wp:term":[{"taxonomy":"category","embeddable":true,"href":"https:\/\/plazajuarez.mx\/historico\/wp-json\/wp\/v2\/categories?post=39129"},{"taxonomy":"post_tag","embeddable":true,"href":"https:\/\/plazajuarez.mx\/historico\/wp-json\/wp\/v2\/tags?post=39129"}],"curies":[{"name":"wp","href":"https:\/\/api.w.org\/{rel}","templated":true}]}}