{"id":39128,"date":"2017-04-04T11:53:26","date_gmt":"2017-04-04T11:53:26","guid":{"rendered":"http:\/\/plazajuarez.mx\/index\/index.php\/2017\/04\/04\/la-muerte-viaja-a-200-kph\/"},"modified":"2017-04-04T11:53:26","modified_gmt":"2017-04-04T11:53:26","slug":"la-muerte-viaja-a-200-kph","status":"publish","type":"post","link":"https:\/\/plazajuarez.mx\/historico\/la-muerte-viaja-a-200-kph\/","title":{"rendered":"La muerte viaja a 200 kph"},"content":{"rendered":"<p>El pasado viernes a las tres de la madrugada un hombre decidi\u00f3 poner a prueba sus aptitudes y las de su autom\u00f3vil, y se lanz\u00f3 a cerca de 200 km\/h por la avenida m\u00e1s emblem\u00e1tica de la Ciudad de M\u00e9xico. Alcoholizado, no repar\u00f3 en que llevaba consigo a cuatro pasajeros, que esa v\u00eda est\u00e1 se\u00f1alizada para circular a 50 km\/h, que tiene curvas e irregularidades propias de una vialidad citadina y no de una pista de carreras.<\/p>\n<p>  <!--more-->  <\/p>\n<p>El desenlace ya lo conocemos: cuatro personas fallecieron al instante, el conductor detenido, acusado de homicidio imprudencial con veh\u00edculo, y a la gente hablando. Hablando de lo que algunos se atreven a llamar un accidente cuando fue una tragedia ocasionada por un borracho, un acto homicida. El se\u00f1or no tuvo un accidente, provoc\u00f3 la muerte de cuatro personas, y no fueron m\u00e1s solo por la buena fortuna de que no hubiera alg\u00fan transe\u00fante desvelado caminando por ah\u00ed a esas horas.<br \/>Dicho acontecimiento pone de manifiesto la irresponsabilidad de este y de tantos otros conductores que no tienen empacho en tomar el volante alcoholizados, sino que adem\u00e1s presumen de sus \u201cma\u00f1as\u201d porque comparten la ubicaci\u00f3n de los puntos de revisi\u00f3n del alcohol\u00edmetro, porque le ponen mica a sus placas para que no los pesque la fotomulta, porque emplacan en otra entidad aunque no vivan ah\u00ed y as\u00ed se \u201cahorran\u201d la tenencia, porque las verificaciones son m\u00e1s \u201cf\u00e1ciles\u201d, porque as\u00ed la multa no les afecta.<br \/>\u00bfA cu\u00e1ntos as\u00ed no conoce usted, querido lector? O a los abusados que se amparan para no cubrir su pena en El Torito, los que le avientan el coche al polic\u00eda de crucero, los que se le pegan atr\u00e1s a la ambulancia, los que pese a hacer todo eso se dan golpes de pecho y denuncian a todo pulm\u00f3n la inseguridad, la corrupci\u00f3n y, ag\u00e1rrense, la impunidad que reina en nuestro pa\u00eds.<br \/>Est\u00e1n tambi\u00e9n los que se quejan de las fotomultas, unos porque les echa a perder la diversi\u00f3n de ir a exceso de velocidad, otros por sacar raja pol\u00edtico-electorera, como si la fotomulta no fuera un mecanismo utilizado alrededor del mundo, en EU, Canad\u00e1, Europa (y no solo en M\u00e9xico, como muchos alegan por ignorancia o mala fe). Como si ese y el de los puntos de revisi\u00f3n de consumo de alcohol no fueran, demostradamente, inhibidores de accidentes y de muertes, de la mano con l\u00edmites m\u00e1s estrictos de velocidad.<br \/>Pero as\u00ed son las cosas en este pa\u00eds en el que nadie quiere aceptar sus propias responsabilidades, nadie quiere cumplir con las leyes, porque piensan que est\u00e1n hechas para los dem\u00e1s. Es el mismo pa\u00eds en que un juez que dicta un amparo absurdo para proteger a un acusado de violaci\u00f3n y abuso de menores encuentra defensores, apologistas. En el que un gobernador pescado con las manos en la masa habla de una \u201ccampa\u00f1a\u201d en su contra. En el que los activistas de uno y otro lado sufren de miop\u00eda y amnesia selectivas, pues solo recuerdan lo que a sus causas conviene, aunque la viga en el ojo de sus amigos sea igual de notoria que la que cargan sus enemigos o rivales.<br \/>Ese es nuestro pa\u00eds. No es as\u00ed por culpa de un gobierno en particular, de un partido o de otro. Es as\u00ed porque as\u00ed de torcido le hemos permitido crecer, porque toleramos la trampa en nuestro entorno, porque le perdonamos faltas a los amigos, cuando es a quienes m\u00e1s deber\u00edamos exigir.<br \/>\u00bfQu\u00e9 eso es propiciado por un sistema corrupto, una clase pol\u00edtica sin escr\u00fapulos, gobiernos d\u00e9biles e ineficaces? S\u00ed, claro. \u00bfPor la ausencia de un Estado de Derecho pleno y de mecanismos eficaces y transparentes de procuraci\u00f3n de justicia? S\u00ed, por supuesto: mil veces que s\u00ed.<br \/>Pero tambi\u00e9n, queridos lectores, porque siempre nos cobijamos en el pretexto c\u00f3modo de que hay \u201cotros\u201d que hacen cosas peores.<br \/>Y mientras culpemos a la fotomulta y no al que conduce a exceso de velocidad, mientras que el malo sea el polic\u00eda y no el ladr\u00f3n, seguiremos siendo un pa\u00eds en el que la muerte podr\u00e1 circular a la velocidad que quiera, a la hora que quiera, en la avenida que quiera, no vaya a ser que la quieran multar con fines \u201crecaudatorios\u201d.<br \/>Twitter: @gabrielguerrac <br \/>Facebook: Gabriel Guerra Castellanos<\/p>\n","protected":false},"excerpt":{"rendered":"<p>El pasado viernes a las tres de la madrugada un hombre decidi\u00f3 poner a prueba sus aptitudes y las de su autom\u00f3vil, y se lanz\u00f3 a cerca de 200 km\/h por la avenida m\u00e1s emblem\u00e1tica de la Ciudad de M\u00e9xico. Alcoholizado, no repar\u00f3 en que llevaba consigo a cuatro pasajeros, que esa v\u00eda est\u00e1 se\u00f1alizada [&hellip;]<\/p>\n","protected":false},"author":93,"featured_media":0,"comment_status":"open","ping_status":"open","sticky":false,"template":"","format":"standard","meta":{"footnotes":""},"categories":[42],"tags":[],"class_list":["post-39128","post","type-post","status-publish","format-standard","hentry","category-nuestrapalabra"],"_links":{"self":[{"href":"https:\/\/plazajuarez.mx\/historico\/wp-json\/wp\/v2\/posts\/39128","targetHints":{"allow":["GET"]}}],"collection":[{"href":"https:\/\/plazajuarez.mx\/historico\/wp-json\/wp\/v2\/posts"}],"about":[{"href":"https:\/\/plazajuarez.mx\/historico\/wp-json\/wp\/v2\/types\/post"}],"author":[{"embeddable":true,"href":"https:\/\/plazajuarez.mx\/historico\/wp-json\/wp\/v2\/users\/93"}],"replies":[{"embeddable":true,"href":"https:\/\/plazajuarez.mx\/historico\/wp-json\/wp\/v2\/comments?post=39128"}],"version-history":[{"count":0,"href":"https:\/\/plazajuarez.mx\/historico\/wp-json\/wp\/v2\/posts\/39128\/revisions"}],"wp:attachment":[{"href":"https:\/\/plazajuarez.mx\/historico\/wp-json\/wp\/v2\/media?parent=39128"}],"wp:term":[{"taxonomy":"category","embeddable":true,"href":"https:\/\/plazajuarez.mx\/historico\/wp-json\/wp\/v2\/categories?post=39128"},{"taxonomy":"post_tag","embeddable":true,"href":"https:\/\/plazajuarez.mx\/historico\/wp-json\/wp\/v2\/tags?post=39128"}],"curies":[{"name":"wp","href":"https:\/\/api.w.org\/{rel}","templated":true}]}}