{"id":39125,"date":"2017-04-04T11:50:42","date_gmt":"2017-04-04T11:50:42","guid":{"rendered":"http:\/\/plazajuarez.mx\/index\/index.php\/2017\/04\/04\/firma-alcalde-importantes-convenios-con-instituciones-de-educacion-superior\/"},"modified":"2017-04-04T11:50:42","modified_gmt":"2017-04-04T11:50:42","slug":"firma-alcalde-importantes-convenios-con-instituciones-de-educacion-superior","status":"publish","type":"post","link":"https:\/\/plazajuarez.mx\/historico\/firma-alcalde-importantes-convenios-con-instituciones-de-educacion-superior\/","title":{"rendered":"Firma Alcalde importantes convenios con instituciones de educaci\u00f3n superior"},"content":{"rendered":"<p>Tula de Allende<\/p>\n<p>Ismael Gadoth Tapia Ben\u00edtez dijo que su gobierno trabaja para generar las mejores condiciones de vida y superaci\u00f3n<\/p>\n<p>Como un compromiso de sumar esfuerzo en favor de la educaci\u00f3n y en beneficio de los j\u00f3venes plasmaron sus firma Luis T\u00e9llez Reyes, rector de la UTTT; Soledad Garc\u00eda Arrieta, directora del CENUA; Briseida Hern\u00e1ndez\u00a0 Z\u00fa\u00f1iga (UNID); Ada Luc\u00eda Prieto Ram\u00edrez (UPE); Mar\u00eda del Carmen Hidalgo Herrera (Instituto Canadiense), Ver\u00f3nica Ubilla Escamilla del ITLA Tula y Zo\u00e9 de Jes\u00fas Vega Mart\u00ednez, director de la Universidad del Nuevo M\u00e9xico.<\/p>\n<p>  <!--more-->  <\/p>\n<p>En el marco de la firma de convenios con instituciones de nivel medio superior, el alcalde, Ismael Gadoth Tapia Ben\u00edtez, dijo a los j\u00f3venes estudiantes que apostar a la educaci\u00f3n es la clave del \u00e9xito de cualquier entidad, por lo que al ser el presente y futuro su gobierno trabaja para generar las mejores condiciones de vida y superaci\u00f3n. <br \/>La ma\u00f1ana de ayer, el Gobierno Municipal sign\u00f3 convenios con la Universidad Interamericana para el Desarrollo (UNID), el Instituto Canadiense, Universidad Polit\u00e9cnica de la Energ\u00eda (UPE), Universidad del Nuevo M\u00e9xico, Instituto Tecnol\u00f3gico Latinoamericano (ITLA), Centro Universitario Allende (CENUA) y la Universidad Tecnol\u00f3gica de Tula Tepeji (UTTT).<br \/>El Presidente Municipal destac\u00f3 que la firma de este convenio, significa generar acuerdos, voluntades y permitir a los j\u00f3venes, oportunidades de crecimiento personal, acad\u00e9mico y social. <br \/>Enfatiz\u00f3 en que de lo que se trata es de disponer de un mayor n\u00famero de becas acad\u00e9micas, econ\u00f3micas, talleres, conferencias y capacitaci\u00f3n a la juventud y de esa manera los estudiantes sepan que est\u00e1n presentes en las acciones de los gobiernos municipal, estatal y federal.<br \/>Dijo que cuando hay disposici\u00f3n para generar acuerdos, voluntades, se logran alcances, de manera que agradeci\u00f3 la colaboraci\u00f3n de los directores de los institutos participantes e instruy\u00f3 al Instituto Municipal de la Juventud a realizar recorridos por cada uno de los bachilleratos y preparatorias para mostrarles a los j\u00f3venes los alcances y beneficios que tendr\u00e1 el convenio.<br \/>A la firma del documento asisti\u00f3 Alfonso R\u00edos \u00c1ngeles, director de Vinculaci\u00f3n y Fortalecimiento de Instituci\u00f3n en la SEPH, quien exhort\u00f3 a los j\u00f3venes a continuar con sus estudios hasta lograr la meta de concluir su carrera.<br \/>Agreg\u00f3 que en representaci\u00f3n de la subsecretar\u00eda de Educaci\u00f3n Media y Superior en el estado, el gobierno del estado reitera su compromiso de impulsar a la juventud y romper el c\u00edrculo vicioso de exigir a los j\u00f3venes experiencia para aceptarlos en un trabajo; sino, por el contrario, otorgarles nuevas posibilidades mediante la firma de convenios.<br \/>Se destac\u00f3 que con los convenios se busca que los j\u00f3venes se arraiguen en la zona metropolitana de Tula, y se logre una ventana de oportunidades a fin de que se queden en sus lugares de origen cercanos a esta regi\u00f3n y sean productivos en el estado.<br \/>Finalmente, en el marco de la firma del convenio se entreg\u00f3 el reconocimiento denominado \u201cEmblema Juventud\u201d,\u00a0 al joven Daniel Alonso Rodr\u00edguez P\u00e9rez, nominado al Premio Nobel de la Paz 2017. El reconocimiento ser\u00e1 entregado anualmente en el municipio, a j\u00f3venes talentosos con vocaci\u00f3n de servicio, con talentos art\u00edsticos, culturales o educativos.<\/p>\n","protected":false},"excerpt":{"rendered":"<p>Tula de Allende Ismael Gadoth Tapia Ben\u00edtez dijo que su gobierno trabaja para generar las mejores condiciones de vida y superaci\u00f3n Como un compromiso de sumar esfuerzo en favor de la educaci\u00f3n y en beneficio de los j\u00f3venes plasmaron sus firma Luis T\u00e9llez Reyes, rector de la UTTT; Soledad Garc\u00eda Arrieta, directora del CENUA; Briseida [&hellip;]<\/p>\n","protected":false},"author":93,"featured_media":0,"comment_status":"open","ping_status":"open","sticky":false,"template":"","format":"standard","meta":{"footnotes":""},"categories":[40],"tags":[],"class_list":["post-39125","post","type-post","status-publish","format-standard","hentry","category-region"],"_links":{"self":[{"href":"https:\/\/plazajuarez.mx\/historico\/wp-json\/wp\/v2\/posts\/39125","targetHints":{"allow":["GET"]}}],"collection":[{"href":"https:\/\/plazajuarez.mx\/historico\/wp-json\/wp\/v2\/posts"}],"about":[{"href":"https:\/\/plazajuarez.mx\/historico\/wp-json\/wp\/v2\/types\/post"}],"author":[{"embeddable":true,"href":"https:\/\/plazajuarez.mx\/historico\/wp-json\/wp\/v2\/users\/93"}],"replies":[{"embeddable":true,"href":"https:\/\/plazajuarez.mx\/historico\/wp-json\/wp\/v2\/comments?post=39125"}],"version-history":[{"count":0,"href":"https:\/\/plazajuarez.mx\/historico\/wp-json\/wp\/v2\/posts\/39125\/revisions"}],"wp:attachment":[{"href":"https:\/\/plazajuarez.mx\/historico\/wp-json\/wp\/v2\/media?parent=39125"}],"wp:term":[{"taxonomy":"category","embeddable":true,"href":"https:\/\/plazajuarez.mx\/historico\/wp-json\/wp\/v2\/categories?post=39125"},{"taxonomy":"post_tag","embeddable":true,"href":"https:\/\/plazajuarez.mx\/historico\/wp-json\/wp\/v2\/tags?post=39125"}],"curies":[{"name":"wp","href":"https:\/\/api.w.org\/{rel}","templated":true}]}}