{"id":391,"date":"2015-02-07T06:00:00","date_gmt":"2015-02-07T06:00:00","guid":{"rendered":"http:\/\/plazajuarez.mx\/index\/index.php\/2015\/02\/07\/que-no-se-descobije-al-campo-mexicano\/"},"modified":"2015-02-07T06:00:00","modified_gmt":"2015-02-07T06:00:00","slug":"que-no-se-descobije-al-campo-mexicano","status":"publish","type":"post","link":"https:\/\/plazajuarez.mx\/historico\/que-no-se-descobije-al-campo-mexicano\/","title":{"rendered":"Que no se descobije al campo mexicano"},"content":{"rendered":"<p><strong><span style=\"font-family: verdana, geneva; font-size: 10pt;\">El dirigente estatal de la Coalici\u00f3n de Organizaciones Democr\u00e1ticas Urbanas y Campesinas (CODUC), Marco Antonio Rico Mercado, se\u00f1al\u00f3 que existe gran preocupaci\u00f3n en las organizaciones campesinas, tras el anuncio que hiciera el gobierno federal a los recortes del presupuesto tras la ca\u00edda de los precios internacionales del petr\u00f3leo.<\/span><\/strong><\/p>\n<p>  <!--more-->  <\/p>\n<p>\u00a0<\/p>\n<p><span style=\"font-family: verdana, geneva; font-size: 10pt;\">\u00a0<\/span><\/p>\n<p><span style=\"font-family: verdana, geneva; font-size: 10pt;\">Lo anterior, dijo, derivado a los rumores que ya circulan sobre posibles recortes al presupuesto que hab\u00eda sido destinado para los programas sociales y para el campo, por lo que en breve se reunir\u00e1n con otras organizaciones a fin de plantear las peticiones formales ante el gobierno federal para que no se descobije al campesino ni se recorte el presupuesto en los rubros que van a quienes m\u00e1s lo necesitan.<\/span><\/p>\n<p><span style=\"font-family: verdana, geneva; font-size: 10pt;\">\u00a0<\/span><\/p>\n<p><span style=\"font-family: verdana, geneva; font-size: 10pt;\">\u201cEl sector m\u00e1s vulnerable de la sociedad se ver\u00eda afectado con algo as\u00ed, es la preocupaci\u00f3n que actualmente tenemos, ya qued\u00f3 claro que en M\u00e9xico no podemos estar esperanzados al petr\u00f3leo, tambi\u00e9n la importancia que ten\u00eda una nueva refiner\u00eda, pero a\u00fan as\u00ed el gobierno no lo ve, la esperanza para M\u00e9xico est\u00e1 en el campo, lo hemos dicho constantemente y si se desatiende a este sector pr\u00e1cticamente no tendr\u00edamos m\u00e1s.<\/span><\/p>\n<p><span style=\"font-family: verdana, geneva; font-size: 10pt;\">\u00a0<\/span><\/p>\n<p><span style=\"font-family: verdana, geneva; font-size: 10pt;\">\u00a0<\/span><\/p>\n<p><span style=\"font-family: verdana, geneva; font-size: 10pt;\">Finalmente en el tema de la gesti\u00f3n 2015, el dirigente campesino indic\u00f3 que contin\u00faa la gesti\u00f3n en ventanillas, por lo que esperan que este a\u00f1o se logren todos los proyectos y peticiones que la Coduc realiza ante las diferentes dependencias del gobierno federal y estatal, por lo que en breve dar\u00e1n a conocer el resultado de la misma en la primer etapa de este 2015.<\/span><\/p>\n","protected":false},"excerpt":{"rendered":"<p>El dirigente estatal de la Coalici\u00f3n de Organizaciones Democr\u00e1ticas Urbanas y Campesinas (CODUC), Marco Antonio Rico Mercado, se\u00f1al\u00f3 que existe gran preocupaci\u00f3n en las organizaciones campesinas, tras el anuncio que hiciera el gobierno federal a los recortes del presupuesto tras la ca\u00edda de los precios internacionales del petr\u00f3leo.<\/p>\n","protected":false},"author":93,"featured_media":0,"comment_status":"open","ping_status":"open","sticky":false,"template":"","format":"standard","meta":{"footnotes":""},"categories":[59],"tags":[],"class_list":["post-391","post","type-post","status-publish","format-standard","hentry","category-general"],"_links":{"self":[{"href":"https:\/\/plazajuarez.mx\/historico\/wp-json\/wp\/v2\/posts\/391","targetHints":{"allow":["GET"]}}],"collection":[{"href":"https:\/\/plazajuarez.mx\/historico\/wp-json\/wp\/v2\/posts"}],"about":[{"href":"https:\/\/plazajuarez.mx\/historico\/wp-json\/wp\/v2\/types\/post"}],"author":[{"embeddable":true,"href":"https:\/\/plazajuarez.mx\/historico\/wp-json\/wp\/v2\/users\/93"}],"replies":[{"embeddable":true,"href":"https:\/\/plazajuarez.mx\/historico\/wp-json\/wp\/v2\/comments?post=391"}],"version-history":[{"count":0,"href":"https:\/\/plazajuarez.mx\/historico\/wp-json\/wp\/v2\/posts\/391\/revisions"}],"wp:attachment":[{"href":"https:\/\/plazajuarez.mx\/historico\/wp-json\/wp\/v2\/media?parent=391"}],"wp:term":[{"taxonomy":"category","embeddable":true,"href":"https:\/\/plazajuarez.mx\/historico\/wp-json\/wp\/v2\/categories?post=391"},{"taxonomy":"post_tag","embeddable":true,"href":"https:\/\/plazajuarez.mx\/historico\/wp-json\/wp\/v2\/tags?post=391"}],"curies":[{"name":"wp","href":"https:\/\/api.w.org\/{rel}","templated":true}]}}