{"id":3909,"date":"2015-04-18T05:00:00","date_gmt":"2015-04-18T05:00:00","guid":{"rendered":"http:\/\/plazajuarez.mx\/index\/index.php\/2015\/04\/18\/conmemoran-a-garcia-marquez\/"},"modified":"2015-04-18T05:00:00","modified_gmt":"2015-04-18T05:00:00","slug":"conmemoran-a-garcia-marquez","status":"publish","type":"post","link":"https:\/\/plazajuarez.mx\/historico\/conmemoran-a-garcia-marquez\/","title":{"rendered":"Conmemoran a Garc\u00eda M\u00e1rquez"},"content":{"rendered":"<p style=\"text-align: justify;\"><span style=\"font-size: 10pt; color: #000000;\">En sus calles, bibliotecas y museos, en los medios de comunicaci\u00f3n y en las redes sociales, Colombia homenajeo el d\u00eda de ayer a uno de sus hijos m\u00e1s c\u00e9lebres, el nobel de literatura Gabriel Garc\u00eda M\u00e1rquez, al cumplirse este 17 de abril un a\u00f1o de su muerte.<\/span><\/p>\n<p>  <!--more-->  <\/p>\n<p style=\"text-align: justify;\">\u00a0<\/p>\n<p style=\"text-align: justify;\"><span style=\"font-size: 10pt; color: #000000;\">Bajo el lema &#8220;Gabo vive entre nosotros&#8221;, con el que desde el gobierno se busca profundizar en la obra donde el genio del realismo m\u00e1gico &#8220;dej\u00f3 cifrada su inmortalidad&#8221;, se han programado exposiciones, conferencias, presentaciones de danza, m\u00fasica y teatro.<\/span><\/p>\n<p style=\"text-align: justify;\"><span style=\"font-size: 10pt; color: #000000;\">As\u00ed, la Biblioteca Nacional inaugura en la tarde del viernes la exposici\u00f3n &#8220;Un espejo del mundo&#8221;, en la que se podr\u00e1 contemplar la m\u00e1quina de escribir donde Garc\u00eda M\u00e1rquez gest\u00f3 su novela cumbre, &#8220;Cien a\u00f1os de soledad&#8221;, y ver la medalla que recibi\u00f3 al ganar el Premio Nobel en 1982, entre otros objetos.<\/span><\/p>\n<p style=\"text-align: justify;\"><span style=\"font-size: 10pt; color: #000000;\">Afiches con la leyenda &#8220;Bienvenidos a Macondo&#8221;, el pueblo m\u00e1gico creado por Garc\u00eda M\u00e1rquez, empapelan la capital colombiana convocando a la 28\u00aa Feria Internacional del Libro de Bogot\u00e1. Este a\u00f1o, Macondo es el invitado de honor del evento, que se realizar\u00e1 entre el 21 de abril y el 4 de mayo con un sinf\u00edn de actividades dedicadas al nobel colombiano.<\/span><\/p>\n<p style=\"text-align: justify;\"><span style=\"font-size: 10pt; color: #000000;\">Pero los esfuerzos por recordar al escritor no se limitan a espacios cerrados.<\/span><\/p>\n<p style=\"text-align: justify;\"><span style=\"font-size: 10pt; color: #000000;\">En una transitada avenida del centro de Bogot\u00e1 fue develado esta semana un mural gigante sobre la fachada de un edificio en el que se ve a un sonriente Garc\u00eda M\u00e1rquez junto a la inscripci\u00f3n &#8220;Macondo&#8221;.<\/span><\/p>\n","protected":false},"excerpt":{"rendered":"<p>En sus calles, bibliotecas y museos, en los medios de comunicaci\u00f3n y en las redes sociales, Colombia homenajeo el d\u00eda de ayer a uno de sus hijos m\u00e1s c\u00e9lebres, el nobel de literatura Gabriel Garc\u00eda M\u00e1rquez, al cumplirse este 17 de abril un a\u00f1o de su muerte.<\/p>\n","protected":false},"author":93,"featured_media":0,"comment_status":"open","ping_status":"open","sticky":false,"template":"","format":"standard","meta":{"footnotes":""},"categories":[41],"tags":[],"class_list":["post-3909","post","type-post","status-publish","format-standard","hentry","category-arteria-cultural"],"_links":{"self":[{"href":"https:\/\/plazajuarez.mx\/historico\/wp-json\/wp\/v2\/posts\/3909","targetHints":{"allow":["GET"]}}],"collection":[{"href":"https:\/\/plazajuarez.mx\/historico\/wp-json\/wp\/v2\/posts"}],"about":[{"href":"https:\/\/plazajuarez.mx\/historico\/wp-json\/wp\/v2\/types\/post"}],"author":[{"embeddable":true,"href":"https:\/\/plazajuarez.mx\/historico\/wp-json\/wp\/v2\/users\/93"}],"replies":[{"embeddable":true,"href":"https:\/\/plazajuarez.mx\/historico\/wp-json\/wp\/v2\/comments?post=3909"}],"version-history":[{"count":0,"href":"https:\/\/plazajuarez.mx\/historico\/wp-json\/wp\/v2\/posts\/3909\/revisions"}],"wp:attachment":[{"href":"https:\/\/plazajuarez.mx\/historico\/wp-json\/wp\/v2\/media?parent=3909"}],"wp:term":[{"taxonomy":"category","embeddable":true,"href":"https:\/\/plazajuarez.mx\/historico\/wp-json\/wp\/v2\/categories?post=3909"},{"taxonomy":"post_tag","embeddable":true,"href":"https:\/\/plazajuarez.mx\/historico\/wp-json\/wp\/v2\/tags?post=3909"}],"curies":[{"name":"wp","href":"https:\/\/api.w.org\/{rel}","templated":true}]}}