{"id":3906,"date":"2015-04-17T05:00:00","date_gmt":"2015-04-17T05:00:00","guid":{"rendered":"http:\/\/plazajuarez.mx\/index\/index.php\/2015\/04\/17\/dialogo-de-sordos-2\/"},"modified":"2015-04-17T05:00:00","modified_gmt":"2015-04-17T05:00:00","slug":"dialogo-de-sordos-2","status":"publish","type":"post","link":"https:\/\/plazajuarez.mx\/historico\/dialogo-de-sordos-2\/","title":{"rendered":"Di\u00e1logo de sordos"},"content":{"rendered":"<p>CONCIENCIA CIUDADANA<\/p>\n<p>  <!--more-->  <\/p>\n<p>Mientras el\u00a0 carnaval electoral protagonizado por los partidos y sus candidatos levanta\u00a0 vuelo, la sociedad sigue su marcha, indiferente y ajena a los goces y amarguras de quienes\u00a0 luchan a brazo partido por una curul desde la cual puedan proyectarse m\u00e1s tarde hacia espacios m\u00e1s elevados, tal vez una gubernatura, una secretaria de estado u otro encargo que les haga olvidar las promesas asumidas durante sus\u00a0 campa\u00f1as.<\/p>\n<p>\u00a0\u00a0\u00a0\u00a0\u00a0\u00a0\u00a0\u00a0\u00a0\u00a0\u00a0 Promesas\u00a0 que, en realidad, a nada comprometen, no s\u00f3lo porque ninguna ley lo obligue sino tambi\u00e9n porque la estrategia electoral m\u00e1s recurrida es la de no comprometerse\u00a0 con ninguna demanda concreta, pues hacerlo implicar\u00eda riesgos que ning\u00fan pol\u00edtico profesional estar\u00eda dispuesto a asumir, pues hacerlo\u00a0 implicar\u00eda la perdida de quienes\u00a0 sintieran peligrar sus intereses si la causa que les perjudica resultara victoriosa.<\/p>\n<p>Es por eso que, para no equivocarse, los candidatos suelen\u00a0 refugiarse en promesas que todo prometen pero que nada comprometen, a fin de no quedar mal ni con dios ni con el diablo. A cambio, partidos y candidatos\u00a0 recurren a motivar los sentimientos y las expectativas m\u00e1s sentidas de los votantes apoy\u00e1ndose en im\u00e1genes, m\u00fasica y mensajes cuidadosamente dise\u00f1ados para que el ciudadano vote con el coraz\u00f3n y con el h\u00edgado m\u00e1s que con el cerebro.<\/p>\n<p>No hay, pues, en las campa\u00f1as, lugar ni\u00a0 informaci\u00f3n suficiente para que los electores valoren\u00a0 la posici\u00f3n\u00a0 de los candidatos\u00a0 en torno a los problemas m\u00e1s importantes que vive el pa\u00eds, que son muchos y que se acumulan d\u00eda a d\u00eda sin que se perciba su soluci\u00f3n. Pero tampoco abunda el inter\u00e9s ciudadano por plantear seriamente a los candidatos la agenda legislativa\u00a0 que a su juicio deba impulsar y defender como representante popular.\u00a0<\/p>\n<p>Tal parece que los mexicanos vivimos en un circo de varias pistas donde, por un lado, la clase pol\u00edtica parece m\u00e1s interesada en mantener el estado de cosas que hasta ahora ha funcionado como si no pasara nada y, por otro, la sociedad vaya cayendo en un estado de desd\u00e9n e indiferencia\u00a0 frente a\u00a0 la vida pol\u00edtica, ocupada como est\u00e1 en sobrevivir a las adversidades que la asaltan a diario.\u00a0<\/p>\n<p>Estamos pues ante una relaci\u00f3n esquizofr\u00e9nica entre el poder p\u00fablico y la ciudadan\u00eda que poco o nada bueno augura para la naci\u00f3n en su conjunto; pues la clase pol\u00edtica tiene por seguro que los electores no tienen otro camino que acudir a las urnas a \u201crenovarle la confianza\u201d para seguir\u00a0 dirigiendo al pa\u00eds como hasta ahora lo han hecho. As\u00ed pues,\u00a0 las campa\u00f1as\u00a0 seguir\u00e1n desplegando sus gastados rituales, sus mensajes intranscendentes y sus consabidos resultados sin novedad alguna\u00a0 para despu\u00e9s, como dijera cierto ente, pasar \u201ca otra cosa mariposa\u201d.\u00a0<\/p>\n<p>No esperemos pues, peras del olmo, pero\u00a0 mantengamos la esperanza de que la conciencia ciudadana sea capaz de encontrar los caminos\u00a0 que le permitan avanzar hacia su propia emancipaci\u00f3n. Y recuerde que VIVOS SE LOS LLEVARON Y VIVOS LOS QUEREMOS.\u00a0<\/p>\n","protected":false},"excerpt":{"rendered":"<p>CONCIENCIA CIUDADANA<\/p>\n","protected":false},"author":93,"featured_media":0,"comment_status":"open","ping_status":"open","sticky":false,"template":"","format":"standard","meta":{"footnotes":""},"categories":[42],"tags":[],"class_list":["post-3906","post","type-post","status-publish","format-standard","hentry","category-nuestrapalabra"],"_links":{"self":[{"href":"https:\/\/plazajuarez.mx\/historico\/wp-json\/wp\/v2\/posts\/3906","targetHints":{"allow":["GET"]}}],"collection":[{"href":"https:\/\/plazajuarez.mx\/historico\/wp-json\/wp\/v2\/posts"}],"about":[{"href":"https:\/\/plazajuarez.mx\/historico\/wp-json\/wp\/v2\/types\/post"}],"author":[{"embeddable":true,"href":"https:\/\/plazajuarez.mx\/historico\/wp-json\/wp\/v2\/users\/93"}],"replies":[{"embeddable":true,"href":"https:\/\/plazajuarez.mx\/historico\/wp-json\/wp\/v2\/comments?post=3906"}],"version-history":[{"count":0,"href":"https:\/\/plazajuarez.mx\/historico\/wp-json\/wp\/v2\/posts\/3906\/revisions"}],"wp:attachment":[{"href":"https:\/\/plazajuarez.mx\/historico\/wp-json\/wp\/v2\/media?parent=3906"}],"wp:term":[{"taxonomy":"category","embeddable":true,"href":"https:\/\/plazajuarez.mx\/historico\/wp-json\/wp\/v2\/categories?post=3906"},{"taxonomy":"post_tag","embeddable":true,"href":"https:\/\/plazajuarez.mx\/historico\/wp-json\/wp\/v2\/tags?post=3906"}],"curies":[{"name":"wp","href":"https:\/\/api.w.org\/{rel}","templated":true}]}}