{"id":3905,"date":"2015-04-17T05:00:00","date_gmt":"2015-04-17T05:00:00","guid":{"rendered":"http:\/\/plazajuarez.mx\/index\/index.php\/2015\/04\/17\/alfil-negro-60\/"},"modified":"2015-04-17T05:00:00","modified_gmt":"2015-04-17T05:00:00","slug":"alfil-negro-60","status":"publish","type":"post","link":"https:\/\/plazajuarez.mx\/historico\/alfil-negro-60\/","title":{"rendered":"ALFIL NEGRO"},"content":{"rendered":"<p><strong>MURI\u00d3 LA T\u00cdA CATA&#8230;<\/strong><\/p>\n<p>  <!--more-->  <\/p>\n<p>\u00a0<\/p>\n<p>A las 6:30 horas de este jueves 16 de abril del 2015, la t\u00eda Cata decidi\u00f3 que era buena hora para dejarnos y se fue para siempre, con su diente de oro para alumbrar su camino y su sonrisa de siempre para decirnos que la muerte, como dec\u00eda Cruz Trevi\u00f1o Mart\u00ednez de la Garza, no es m\u00e1s que un m\u00e9ndigo brinquito y nada m\u00e1s.<\/p>\n<p>Ya s\u00e9 que no sabes qui\u00e9n es lat\u00eda Cata, porque no era famosa, vaya ni era candidata como ahora hay muchos.\u00a0\u00a0\u00a0\u00a0\u00a0\u00a0\u00a0\u00a0\u00a0\u00a0\u00a0\u00a0\u00a0\u00a0\u00a0\u00a0\u00a0\u00a0<\/p>\n<p>Era una t\u00eda como muchas, como las que tienes en casa, que se encargaba de la vida de sus hijas, de las tareas de hogar, y que adem\u00e1s trabajaba para enfrentar las necesidades de su familia, siempre con gran responsabilidad y con una enorme alegr\u00eda.<\/p>\n<p>\u00bfPor qu\u00e9 ser\u00e1 que cuando la gente se va para siempre le descubrimos valores y virtudes que mientras viven no las vemos o nos acostumbramos a verlas como algo normal, y ya que nos dejaron nos damos cuenta de lo extraordinaria que eran?<\/p>\n<p>As\u00ed era la t\u00eda Cata, que supo ser capit\u00e1n del barco de su familia y dirigirla en el mar bravo de la vida, con energ\u00eda y con amor, ser padre y madre, con una enorme responsabilidad para sacar adelante a sus ni\u00f1as raz\u00f3n y causa de su existencia.<\/p>\n<p>Fuerte como roca cuando las circunstancias de la vida, parec\u00edan hacer zozobrar el barco de su familia, pero siempre a flote por la energ\u00eda que le supo dar al camino de todos.<\/p>\n<p>Hae unos meses le diagnosticaron c\u00e1ncer en grado terminal.<\/p>\n<p>Nada se pod\u00eda hacer.<\/p>\n<p>Pidi\u00f3 hablar con su familia.<\/p>\n<p>Uno por uno, pasaron para platicar en un di\u00e1logo que fue m\u00e1s bien una despedida.<\/p>\n<p>Los recuerdos llegaron en cada uno, los sobrinos, ahora hombres y mujeres casados, tuvieron mucho qu\u00e9 agradecer y recordar junto con ella, lo mismo que las personas mayores.<\/p>\n<p>Todos sab\u00edan que era la \u00faltima vez que la\u00a0 miraban y la escuchaban,\u00a0 por la gravedad de la enfermedad.<\/p>\n<p>Hoy, a las 6 y media de la ma\u00f1ana, se fue.<\/p>\n<p>Te cuento esto, para que aprecies a la gente de tu casa, a tus padres y a tus hermanos, a tus t\u00edas y t\u00edos.<\/p>\n<p>Uno nunca sabe cu\u00e1ndo se pueden ir.<\/p>\n<p>\u00a0<\/p>\n<p>Si puedes decirles que los quieres, d\u00edselos, porque luego no queda tiempo y se lamenta uno toda la vida de no haberlo hecho.<\/p>\n<p>Ahora que hay tiempo&#8230;.hay que hacerlo.<\/p>\n<p>Despu\u00e9s, s\u00f3lo queda, en muchos casos, el lamento de \u00bfpor qu\u00e9 no lo hice?<\/p>\n<p>Pude escribir sobre muchas cosas, sobre todo ahora que estamos en tiempos de elecciones y el tiempo da para eso, pero me pareci\u00f3 que la t\u00eda Cata era m\u00e1s importante.<\/p>\n<p>Los se\u00f1ores candidatos as\u00ed lo entender\u00e1n., y si no lo entienden, muy su problema.<\/p>\n<p>Por otro lado, no quise que me pasara lo del escritor alem\u00e1n Gunter Grass recientemente fallecido, que toda su vida sufri\u00f3 el no hablar a tiempo sobre su pertenencia a la SS Frundsberg, el cuerpo de \u00e9lite de los nazis asesinos en la guerra mundial, para no manchar su fama de antinazi, cuando \u00e9l hab\u00eda sido nazi.<\/p>\n<p>Por eso en su biograf\u00eda, cuando se arrepiente de su silencio culposo, dice que en su epitafio debe decir: \u201cGuard\u00e9 silencio\u201d.\u00a0\u00a0\u00a0\u00a0\u00a0\u00a0\u00a0\u00a0\u00a0\u00a0\u00a0\u00a0\u00a0\u00a0\u00a0\u00a0\u00a0\u00a0\u00a0\u00a0\u00a0\u00a0\u00a0\u00a0\u00a0\u00a0\u00a0\u00a0\u00a0<\/p>\n<p>No quiero uno igual en el caso de la t\u00eda Cata, por eso este peque\u00f1o homenaje en su memoria y el de muchas t\u00edas Catas que nos dejan todos los d\u00edas.<\/p>\n<p>Descansen en paz.<\/p>\n<p>Y a sus familias, un abrazo cari\u00f1oso.<\/p>\n","protected":false},"excerpt":{"rendered":"<p>MURI\u00d3 LA T\u00cdA CATA&#8230;<\/p>\n","protected":false},"author":93,"featured_media":0,"comment_status":"open","ping_status":"open","sticky":false,"template":"","format":"standard","meta":{"footnotes":""},"categories":[42],"tags":[],"class_list":["post-3905","post","type-post","status-publish","format-standard","hentry","category-nuestrapalabra"],"_links":{"self":[{"href":"https:\/\/plazajuarez.mx\/historico\/wp-json\/wp\/v2\/posts\/3905","targetHints":{"allow":["GET"]}}],"collection":[{"href":"https:\/\/plazajuarez.mx\/historico\/wp-json\/wp\/v2\/posts"}],"about":[{"href":"https:\/\/plazajuarez.mx\/historico\/wp-json\/wp\/v2\/types\/post"}],"author":[{"embeddable":true,"href":"https:\/\/plazajuarez.mx\/historico\/wp-json\/wp\/v2\/users\/93"}],"replies":[{"embeddable":true,"href":"https:\/\/plazajuarez.mx\/historico\/wp-json\/wp\/v2\/comments?post=3905"}],"version-history":[{"count":0,"href":"https:\/\/plazajuarez.mx\/historico\/wp-json\/wp\/v2\/posts\/3905\/revisions"}],"wp:attachment":[{"href":"https:\/\/plazajuarez.mx\/historico\/wp-json\/wp\/v2\/media?parent=3905"}],"wp:term":[{"taxonomy":"category","embeddable":true,"href":"https:\/\/plazajuarez.mx\/historico\/wp-json\/wp\/v2\/categories?post=3905"},{"taxonomy":"post_tag","embeddable":true,"href":"https:\/\/plazajuarez.mx\/historico\/wp-json\/wp\/v2\/tags?post=3905"}],"curies":[{"name":"wp","href":"https:\/\/api.w.org\/{rel}","templated":true}]}}