{"id":390,"date":"2015-02-07T06:00:00","date_gmt":"2015-02-07T06:00:00","guid":{"rendered":"http:\/\/plazajuarez.mx\/index\/index.php\/2015\/02\/07\/descubren-cientificos-mexicanos-secretos-de-proteinas-involucradas-en-alzheimer-y-parkinson\/"},"modified":"2015-02-07T06:00:00","modified_gmt":"2015-02-07T06:00:00","slug":"descubren-cientificos-mexicanos-secretos-de-proteinas-involucradas-en-alzheimer-y-parkinson","status":"publish","type":"post","link":"https:\/\/plazajuarez.mx\/historico\/descubren-cientificos-mexicanos-secretos-de-proteinas-involucradas-en-alzheimer-y-parkinson\/","title":{"rendered":"Descubren cient\u00edficos mexicanos secretos de prote\u00ednas involucradas en Alzheimer y Parkinson"},"content":{"rendered":"<p><strong><span style=\"font-family: verdana, geneva; font-size: 10pt;\">Desde M\u00e9xico para el mundo. Por primera vez un grupo de investigadores de la Universidad Aut\u00f3noma del Estado de Morelos (UAEM) logr\u00f3 resolver mediante la t\u00e9cnica de resonancia magn\u00e9tica, la estructura 3D de las prote\u00ednas 6aJL2 y su variable 6aJL2-R24G, que ser\u00edan el primer paso encaminado a descubrir la causa y a futuro la cura de enfermedades de mal plegamiento como Alzheimer, Parkinson, \u201cel mal de las vacas locas\u201d o amiloidosis de cadena ligera, esta \u00faltima es muy rara y se caracteriza por el dep\u00f3sito de sustancias amorfas en los \u00f3rganos y tejidos que afectan su funcionamiento.<\/span><\/strong><\/p>\n<p>  <!--more-->  <\/p>\n<p>\u00a0<\/p>\n<p><span style=\"font-family: verdana, geneva; font-size: 10pt;\">El doctor Carlos Amero Tello, quien dirige el grupo de investigaci\u00f3n del Laboratorio Nacional de Estructuras de Macromol\u00e9culas (LANEM) UAEM-UNAM, explic\u00f3 que las prote\u00ednas son como m\u00e1quinas con funciones espec\u00edficas, da\u00f1inas o ben\u00e9ficas que alteran el organismo. Con el prop\u00f3sito de determinar ello se obtuvo una foto o modelo tridimensional de las estructuras de las prote\u00ednas 6aJL2 y su variable mutada 6aJL2-R24G.<\/span><\/p>\n<p><span style=\"font-family: verdana, geneva; font-size: 10pt;\">Tras obtener los resultados, el equipo descubri\u00f3 que la prote\u00edna 6aJL2 es estable, mientras que la variable mutada 6aJL2-R24G ocasiona la producci\u00f3n de plastas de fibras amiloides aparentemente causantes de enfermedades como Alzheimer, Parkinson o amiloidosis de cadena ligera, la cual tiene una incidencia de ocho personas por cada mill\u00f3n de habitantes.<\/span><\/p>\n<p><span style=\"font-family: verdana, geneva; font-size: 10pt;\">Con este hecho sin precedentes, los integrantes del equipo se convirtieron en los primeros mexicanos en emplear la resonancia magn\u00e9tica nuclear para resolver la funcionalidad de una prote\u00edna. Tras obtener la imagen y los resultados, los presentaron al Banco Mundial de Datos de Prote\u00ednas (WPDB por sus siglas en ingl\u00e9s), divisi\u00f3n Wisconsin, a fin de que fueran evaluados y posteriormente formara parte de ese registro internacional.<\/span><\/p>\n<p><span style=\"font-family: verdana, geneva; font-size: 10pt;\">Por ejemplo, si otro grupo de cient\u00edficos quiere ver la estructura para trabajar con ella, deber\u00e1 ingresar a la base de datos mundial y podr\u00e1 descargar a su computadora el modelo tridimensional de las prote\u00ednas 6aJL2 y su variable 6aJL2-R24G, donde tendr\u00e1 la libertad de manipularla.<\/span><\/p>\n<p><span style=\"font-family: verdana, geneva; font-size: 10pt;\">Por medio de la t\u00e9cnica de resonancia magn\u00e9tica nuclear empleada en el LANEM, Carlos Amero logr\u00f3 resolver las estructuras de estas prote\u00ednas pertenecientes al sistema inmune; una normal y una mutada, la cual s\u00f3lo se presenta cuando existe la enfermedad de amiloidosis, condici\u00f3n que causa el mal plegamiento de las prote\u00ednas hasta que crecen tanto y se adhieren a diversos \u00f3rganos del cuerpo (lengua, coraz\u00f3n, pulm\u00f3n), lo que provoca que deje de funcionar, hasta llevar a la muerte, debido a la falta de una cura.<\/span><\/p>\n<p><span style=\"font-family: verdana, geneva; font-size: 10pt;\">La resonancia magn\u00e9tica nuclear arroja datos espectrosc\u00f3picos de cada n\u00facleo de las macromol\u00e9culas, los cuales fueron analizados por el grupo de la UAEM con el fin de construir el modelo tridimensional de la prote\u00edna, mismo que fue agregado a la base de datos mundial.<\/span><\/p>\n<p><span style=\"font-family: verdana, geneva; font-size: 10pt;\">El estudio de las estructuras se realiz\u00f3 por medio de la t\u00e9cnica de resonancia magn\u00e9tica nuclear, el cual a diferencia de los usados convencionalmente en los hospitales, \u00e9ste obtiene la se\u00f1al individual de cada n\u00facleo de mol\u00e9culas o macromol\u00e9culas, como lo son las prote\u00ednas o el ADN. El problema con este m\u00e9todo es que hasta hace unos a\u00f1os M\u00e9xico no contaba con la tecnolog\u00eda necesaria para realizar estos an\u00e1lisis; sin embargo, cuando el LANEM adquiri\u00f3 el primer aparato de este tipo en el pa\u00eds, comenzaron las investigaciones.<\/span><\/p>\n<p><span style=\"font-family: verdana, geneva; font-size: 10pt;\">Aun as\u00ed, un problema fue que al desconocer la tecnolog\u00eda, no exist\u00edan cient\u00edficos capacitados que lo operaran. Cuando la UAEM compr\u00f3 dicho equipo, el doctor Amero Tello quien trabajaba en el Institut de Biologie Structurale (IBS-CNRS), en Grenoble, Francia, regres\u00f3 a M\u00e9xico para liderar el equipo de investigaci\u00f3n que se encargara de analizar y solucionar las estructuras de las prote\u00ednas amiloides 6aJL2 y su variable 6aJL2-R24G.<\/span><\/p>\n<p><span style=\"font-family: verdana, geneva; font-size: 10pt;\">A pesar de que existe otro m\u00e9todo llamado cristalograf\u00eda para analizar las estructuras de las prote\u00ednas, la resonancia magn\u00e9tica nuclear permite obtener un modelo en soluci\u00f3n, que se asemeja m\u00e1s a la realidad.<\/span><\/p>\n<p><span style=\"font-family: verdana, geneva; font-size: 10pt;\">El investigador coment\u00f3 que en M\u00e9xico la UAEM abri\u00f3 el camino para que otras instituciones como la UNAM, el IPN o la Universidad de M\u00e9rida se hicieran de equipos de resonancias magn\u00e9ticas nucleares y comenzaran con sus estudios. Sin embargo, a nivel mundial el pa\u00eds est\u00e1 atrasado por m\u00e1s de 10 a\u00f1os.<\/span><\/p>\n<p><span style=\"font-family: verdana, geneva; font-size: 10pt;\">Una vez que descubrieron c\u00f3mo funciona la prote\u00edna, el equipo trabaja en buscar una mol\u00e9cula que sirva como un inhibidor que evite el mal plegamiento, con el prop\u00f3sito de encontrar a futuro la cura de enfermedades como amiloidosis, Alzheimer o Parkinson. (Agencia ID)<\/span><\/p>\n<p><span style=\"font-family: verdana, geneva; font-size: 10pt;\">\u00a0<\/span><\/p>\n<p>\u00a0<\/p>\n<p><span style=\"font-family: verdana, geneva; font-size: 10pt;\">\u00a0<\/span><\/p>\n","protected":false},"excerpt":{"rendered":"<p>Desde M\u00e9xico para el mundo. Por primera vez un grupo de investigadores de la Universidad Aut\u00f3noma del Estado de Morelos (UAEM) logr\u00f3 resolver mediante la t\u00e9cnica de resonancia magn\u00e9tica, la estructura 3D de las prote\u00ednas 6aJL2 y su variable 6aJL2-R24G, que ser\u00edan el primer paso encaminado a descubrir la causa y a futuro la cura [&hellip;]<\/p>\n","protected":false},"author":93,"featured_media":0,"comment_status":"open","ping_status":"open","sticky":false,"template":"","format":"standard","meta":{"footnotes":""},"categories":[59],"tags":[],"class_list":["post-390","post","type-post","status-publish","format-standard","hentry","category-general"],"_links":{"self":[{"href":"https:\/\/plazajuarez.mx\/historico\/wp-json\/wp\/v2\/posts\/390","targetHints":{"allow":["GET"]}}],"collection":[{"href":"https:\/\/plazajuarez.mx\/historico\/wp-json\/wp\/v2\/posts"}],"about":[{"href":"https:\/\/plazajuarez.mx\/historico\/wp-json\/wp\/v2\/types\/post"}],"author":[{"embeddable":true,"href":"https:\/\/plazajuarez.mx\/historico\/wp-json\/wp\/v2\/users\/93"}],"replies":[{"embeddable":true,"href":"https:\/\/plazajuarez.mx\/historico\/wp-json\/wp\/v2\/comments?post=390"}],"version-history":[{"count":0,"href":"https:\/\/plazajuarez.mx\/historico\/wp-json\/wp\/v2\/posts\/390\/revisions"}],"wp:attachment":[{"href":"https:\/\/plazajuarez.mx\/historico\/wp-json\/wp\/v2\/media?parent=390"}],"wp:term":[{"taxonomy":"category","embeddable":true,"href":"https:\/\/plazajuarez.mx\/historico\/wp-json\/wp\/v2\/categories?post=390"},{"taxonomy":"post_tag","embeddable":true,"href":"https:\/\/plazajuarez.mx\/historico\/wp-json\/wp\/v2\/tags?post=390"}],"curies":[{"name":"wp","href":"https:\/\/api.w.org\/{rel}","templated":true}]}}