{"id":3894,"date":"2015-04-17T05:00:00","date_gmt":"2015-04-17T05:00:00","guid":{"rendered":"http:\/\/plazajuarez.mx\/index\/index.php\/2015\/04\/17\/la-sal-de-la-tierra\/"},"modified":"2015-04-17T05:00:00","modified_gmt":"2015-04-17T05:00:00","slug":"la-sal-de-la-tierra","status":"publish","type":"post","link":"https:\/\/plazajuarez.mx\/historico\/la-sal-de-la-tierra\/","title":{"rendered":"La sal de la tierra"},"content":{"rendered":"<p><strong>CINE DE MA\u00d1ANA<\/strong><\/p>\n<p>Aunque estaba nominada para el \u00f3scar al mejor documental, y form\u00f3 parte del X Festival Ambulante, no pudimos ver entonces La sal de la tierra de Wim Wenders y Juliano Ribeiro Salgado. Y aunque en ese festival s\u00ed vimos Citizenfour de Laura Poitras, que finalmente gan\u00f3 la estatuilla, nos quedamos con las ganas de verla, sobre todo porque el buen amigo H\u00e9ctor que s\u00ed la hab\u00eda visto, nos dijo que se trataba de un filme tan conmovedor que lo hab\u00eda hecho llorar.<\/p>\n<p>  <!--more-->  <\/p>\n<p>\u00a0<\/p>\n<p>Por eso, cuando la distribuidora N.D Mantarraya anunci\u00f3 una ins\u00f3lita premier en el Auditorio Nacional, nos apresuramos a asistir.<\/p>\n<p>El director alem\u00e1n de Buena Vista Social Club, explica como el director Juliano Ribeiro Salgado, hijo del fot\u00f3grafo brasile\u00f1o Sebastiao Salgado, lo invit\u00f3 a sumarse al proyecto de un documental sobre su vida.<\/p>\n<p>Wenders estructura con maestr\u00eda la vida y obra de este economista exiliado en Francia, que accidentalmente tom\u00f3 una c\u00e1mara y se convirti\u00f3 en un fot\u00f3grafo social.<\/p>\n<p>Lo vemos viajando por La otra Am\u00e9rica compartiendo la miseria de los ind\u00edgenas del continente. Viaja a Africa y siente en carne propia los estragos de la hambruna.<\/p>\n<p>Atestigua el horror de la guerra en la antigua Yugoslavia, asiste a las matanzas \u00e9tnicas en Ruanda y testimonia la destrucci\u00f3n ecol\u00f3gica provocada por Saddam Hussein en Kuwait.<\/p>\n<p>Devastado ante tanto horror, regresa a Brasil para reconstruir la hacienda paterna, en un proyecto de recuperaci\u00f3n de la naturaleza a trav\u00e9s del Instituto Terra.<\/p>\n<p>The Salt of the Earth \u2013sin nada que ver con el hom\u00f3nimo social de Hebert Biberman- es un filme que no hay que perderse por ning\u00fan motivo y una aut\u00e9ntica lecci\u00f3n de vida.<\/p>\n","protected":false},"excerpt":{"rendered":"<p>CINE DE MA\u00d1ANA Aunque estaba nominada para el \u00f3scar al mejor documental, y form\u00f3 parte del X Festival Ambulante, no pudimos ver entonces La sal de la tierra de Wim Wenders y Juliano Ribeiro Salgado. Y aunque en ese festival s\u00ed vimos Citizenfour de Laura Poitras, que finalmente gan\u00f3 la estatuilla, nos quedamos con las [&hellip;]<\/p>\n","protected":false},"author":93,"featured_media":0,"comment_status":"open","ping_status":"open","sticky":false,"template":"","format":"standard","meta":{"footnotes":""},"categories":[41],"tags":[],"class_list":["post-3894","post","type-post","status-publish","format-standard","hentry","category-arteria-cultural"],"_links":{"self":[{"href":"https:\/\/plazajuarez.mx\/historico\/wp-json\/wp\/v2\/posts\/3894","targetHints":{"allow":["GET"]}}],"collection":[{"href":"https:\/\/plazajuarez.mx\/historico\/wp-json\/wp\/v2\/posts"}],"about":[{"href":"https:\/\/plazajuarez.mx\/historico\/wp-json\/wp\/v2\/types\/post"}],"author":[{"embeddable":true,"href":"https:\/\/plazajuarez.mx\/historico\/wp-json\/wp\/v2\/users\/93"}],"replies":[{"embeddable":true,"href":"https:\/\/plazajuarez.mx\/historico\/wp-json\/wp\/v2\/comments?post=3894"}],"version-history":[{"count":0,"href":"https:\/\/plazajuarez.mx\/historico\/wp-json\/wp\/v2\/posts\/3894\/revisions"}],"wp:attachment":[{"href":"https:\/\/plazajuarez.mx\/historico\/wp-json\/wp\/v2\/media?parent=3894"}],"wp:term":[{"taxonomy":"category","embeddable":true,"href":"https:\/\/plazajuarez.mx\/historico\/wp-json\/wp\/v2\/categories?post=3894"},{"taxonomy":"post_tag","embeddable":true,"href":"https:\/\/plazajuarez.mx\/historico\/wp-json\/wp\/v2\/tags?post=3894"}],"curies":[{"name":"wp","href":"https:\/\/api.w.org\/{rel}","templated":true}]}}