{"id":38886,"date":"2017-03-30T15:35:15","date_gmt":"2017-03-30T15:35:15","guid":{"rendered":"http:\/\/plazajuarez.mx\/index\/index.php\/2017\/03\/30\/validaran-primer-ano-de-preescolar-a-pequenos-de-estancias-infantiles-2\/"},"modified":"2017-03-30T15:35:15","modified_gmt":"2017-03-30T15:35:15","slug":"validaran-primer-ano-de-preescolar-a-pequenos-de-estancias-infantiles-2","status":"publish","type":"post","link":"https:\/\/plazajuarez.mx\/historico\/validaran-primer-ano-de-preescolar-a-pequenos-de-estancias-infantiles-2\/","title":{"rendered":"Validar\u00e1n primer a\u00f1o de preescolar a peque\u00f1os de Estancias Infantiles"},"content":{"rendered":"<p>SEPH\u00a0\u00a0 <br \/>\u201cPor una educaci\u00f3n preescolar para todos los ni\u00f1os y ni\u00f1as&#8221;<\/p>\n<p>  <!--more-->  <\/p>\n<p>Con la firma de convenio entre la Secretar\u00eda de Educaci\u00f3n P\u00fablica de Hidalgo (SEPH) y la Secretar\u00eda de Desarrollo Social (Sedesol) delegaci\u00f3n Hidalgo, los ni\u00f1os inscritos en estancias infantiles ser\u00e1n beneficiados al aprobar la validaci\u00f3n del primer a\u00f1o de preescolar.<\/p>\n<p>La uni\u00f3n de esfuerzos entre las dependencias denominada \u201cPor una educaci\u00f3n preescolar para todas las ni\u00f1as y todos los ni\u00f1os\u201d, tiene el objetivo de fortalecer la educaci\u00f3n inicial en Hidalgo, de tal manera que los ni\u00f1os con un d\u00eda antes de cumplir los cuatro a\u00f1os de edad, y en el caso de menores con discapacidad hasta un d\u00eda antes de cumplir los seis a\u00f1os, inscritos en Estancias Infantiles de Sedesol, podr\u00e1n ingresar al segundo a\u00f1o de preescolar en las diferentes instancias de la SEPH.<br \/>\u00a0<br \/>Cabe mencionar que las Estancias Infantiles de Sedesol, trabajan con el Modelo de Atenci\u00f3n Infantil (MAI), a trav\u00e9s del cual los infantes desarrollan actividades equivalentes al primer a\u00f1o de preescolar.<br \/>\u00a0<br \/>Al respecto On\u00e9simo Serrano Gonz\u00e1lez, titular de Sedesol Hidalgo, inform\u00f3 que estas acciones beneficiar\u00e1n a tres mil 122 menores, que reciben cuidado infantil en las 215 Estancias Infantiles Afiliadas a Sedesol, espacios donde los menores mayores de tres a\u00f1os de edad, realizan actividades que les permitan desarrollar los conocimientos necesarios en la primera infancia.<br \/>\u00a0<br \/>Asimismo, se\u00f1al\u00f3 que en la entidad se tiene una cobertura de atenci\u00f3n del 75 por ciento, y \u201cnuestro compromiso para el a\u00f1o 2017, es que haya al menos una Estancia Infantil en los municipios que no cuentan con este apoyo\u201d.<br \/>\u00a0<br \/>\u201cLas acciones que hoy se impulsan, coadyuvar\u00e1n en la reducci\u00f3n de los \u00edndices de rezago educativo, sector en el que hemos avanzado en la entidad; con base a informaci\u00f3n del Coneval, en 2015 se registra una reducci\u00f3n del 1.5 por ciento, lo cual significa que 34 mil 500 hidalguenses m\u00e1s tuvieron acceso a educaci\u00f3n de calidad\u201d, dijo.<br \/>\u00a0<br \/>En su mensaje Sayonara Vargas Rodr\u00edguez, titular de la SEPH, puntualiz\u00f3 que al firmar el Acuerdo de Coordinaci\u00f3n para implementar dicha estrategia, se reforzar\u00e1n y ampliar\u00e1n las relaciones interinstitucionales, para colaborar en aras de favorecer la inclusi\u00f3n y derechos de las madres y los padres trabajadores.<\/p>\n<p>Subray\u00f3 que \u201ctrabajando unidos y con objetivos alcanzables, se llevar\u00e1n a cabo acciones que se vean reflejadas en m\u00e1s y mejores oportunidades de educaci\u00f3n para las ni\u00f1as y ni\u00f1os que la Sedesol tiene a bien cobijar en sus Estancias Infantiles\u201d.<\/p>\n","protected":false},"excerpt":{"rendered":"<p>SEPH\u00a0\u00a0 \u201cPor una educaci\u00f3n preescolar para todos los ni\u00f1os y ni\u00f1as&#8221;<\/p>\n","protected":false},"author":93,"featured_media":0,"comment_status":"open","ping_status":"open","sticky":false,"template":"","format":"standard","meta":{"footnotes":""},"categories":[59],"tags":[],"class_list":["post-38886","post","type-post","status-publish","format-standard","hentry","category-general"],"_links":{"self":[{"href":"https:\/\/plazajuarez.mx\/historico\/wp-json\/wp\/v2\/posts\/38886","targetHints":{"allow":["GET"]}}],"collection":[{"href":"https:\/\/plazajuarez.mx\/historico\/wp-json\/wp\/v2\/posts"}],"about":[{"href":"https:\/\/plazajuarez.mx\/historico\/wp-json\/wp\/v2\/types\/post"}],"author":[{"embeddable":true,"href":"https:\/\/plazajuarez.mx\/historico\/wp-json\/wp\/v2\/users\/93"}],"replies":[{"embeddable":true,"href":"https:\/\/plazajuarez.mx\/historico\/wp-json\/wp\/v2\/comments?post=38886"}],"version-history":[{"count":0,"href":"https:\/\/plazajuarez.mx\/historico\/wp-json\/wp\/v2\/posts\/38886\/revisions"}],"wp:attachment":[{"href":"https:\/\/plazajuarez.mx\/historico\/wp-json\/wp\/v2\/media?parent=38886"}],"wp:term":[{"taxonomy":"category","embeddable":true,"href":"https:\/\/plazajuarez.mx\/historico\/wp-json\/wp\/v2\/categories?post=38886"},{"taxonomy":"post_tag","embeddable":true,"href":"https:\/\/plazajuarez.mx\/historico\/wp-json\/wp\/v2\/tags?post=38886"}],"curies":[{"name":"wp","href":"https:\/\/api.w.org\/{rel}","templated":true}]}}