{"id":388,"date":"2015-02-07T06:00:00","date_gmt":"2015-02-07T06:00:00","guid":{"rendered":"http:\/\/plazajuarez.mx\/index\/index.php\/2015\/02\/07\/nunca-la-politica-debe-estar-por-encima-del-derecho-tsl\/"},"modified":"2015-02-07T06:00:00","modified_gmt":"2015-02-07T06:00:00","slug":"nunca-la-politica-debe-estar-por-encima-del-derecho-tsl","status":"publish","type":"post","link":"https:\/\/plazajuarez.mx\/historico\/nunca-la-politica-debe-estar-por-encima-del-derecho-tsl\/","title":{"rendered":"Nunca la pol\u00edtica debe estar por encima del derecho: TSL"},"content":{"rendered":"<p><strong><span style=\"font-family: verdana, geneva; font-size: 10pt;\">La l\u00edder moral del Partido de la Revoluci\u00f3n Democr\u00e1tica (PRD) en Hidalgo, Teresa Samperio Le\u00f3n se\u00f1al\u00f3 que muchos de los males que aquejan\u00a0 a la pol\u00edtica mexicana, y por supuesto al PRD ha sido el constante intento de subordinar el derecho a la pol\u00edtica, lo que ha hecho que el pa\u00eds tenga una descomposici\u00f3n plena en el tejido de las ideolog\u00edas y luchas que incluso toman banderas de izquierda.<\/span><\/strong><\/p>\n<p>  <!--more-->  <\/p>\n<p>\u00a0<\/p>\n<p><span style=\"font-family: verdana, geneva; font-size: 10pt;\">\u00a0<\/span><\/p>\n<p><span style=\"font-family: verdana, geneva; font-size: 10pt;\">\u201cSe debe tener siempre en claro que la pol\u00edtica est\u00e1 subordinada al derecho, que en la estructura jur\u00eddica de M\u00e9xico el derecho debe estar por encima de todo, y no al rev\u00e9s como muchos han intentado, han querido o han logrado hacer en actos de corrupci\u00f3n que van desde los m\u00e1s peque\u00f1os hasta los imperdonables que la historia no dejar\u00e1 pasar\u201d, dijo.<\/span><\/p>\n<p><span style=\"font-family: verdana, geneva; font-size: 10pt;\">\u00a0<\/span><\/p>\n<p><span style=\"font-family: verdana, geneva; font-size: 10pt;\">Y es que de acuerdo con Samperio Le\u00f3n, cualquier acto de corrupci\u00f3n por peque\u00f1o que sea, mancha el estado de derecho, \u201cuna vez que se vulnera el estado de derecho, surgen los males\u00a0 de la impunidad, los enfermos de poder y dem\u00e1s que vali\u00e9ndose de la pol\u00edtica hacen a un lado el estado de derecho\u201d, dijo.<\/span><\/p>\n<p><span style=\"font-family: verdana, geneva; font-size: 10pt;\">\u00a0<\/span><\/p>\n<p><span style=\"font-family: verdana, geneva; font-size: 10pt;\">Lo anterior, tras ser cuestionada sobre los esc\u00e1ndalos del gobierno federal actual, ante los que dijo que para tener un gobierno leg\u00edtimo se debe tener un cumplimiento estricto de la ley, no tener favoritismos y actuar con realidades no s\u00f3lo demag\u00f3gicamente.<\/span><\/p>\n<p><span style=\"font-family: verdana, geneva; font-size: 10pt;\">\u00a0<\/span><\/p>\n<p><span style=\"font-family: verdana, geneva; font-size: 10pt;\">De igual forma, lament\u00f3 la controversia generada entre Diana Marroqu\u00edn Bayardo y la familia de Isabel God\u00ednez Granillo, por el atentado en contra de la primera, ya que ambas mujeres militan en el PRD, por lo que se\u00f1al\u00f3 \u201ctodo conforme a derecho, si hay responsables que la ley\u00a0 y los tribunales, lo digan, pero insisto en el tema no es v\u00e1lido hacer uso de la pol\u00edtica para tratar de estar por encima del derecho\u201d<\/span><\/p>\n<p><span style=\"font-family: verdana, geneva; font-size: 10pt;\">\u00a0<\/span><\/p>\n<p><span style=\"font-family: verdana, geneva; font-size: 10pt;\">Y agreg\u00f3 \u201ceso es lo que yo ver\u00eda mal, si tienen un problema y tiene tintes pol\u00edticos que lo resuelvan, pero como ciudadanas, pero que no se escuden del PRD para decir o hacer cualquier cosa, yo respeto ambas posturas, ahora si que es un problema que no me incumbe desde mi persona, pero si hacer el llamado a que lo que tengan que resolver lo hagan fuera del partido, para ambas partes\u201d, dijo.<\/span><\/p>\n<p><span style=\"font-family: verdana, geneva; font-size: 10pt;\">\u00a0<\/span><\/p>\n<p><span style=\"font-family: verdana, geneva; font-size: 10pt;\">Finalmente la l\u00edder moral del PRD, destac\u00f3 que siempre que ha visto una situaci\u00f3n de corrupci\u00f3n o de malos manejos dentro de su mismo partido ha sido de las primeras en levantar la voz, ya que por este tipo de situaciones se descompone el tejido ideol\u00f3gico de las instituciones que nacen para servir y no para que se sirvan de ellas.<\/span><\/p>\n<p><span style=\"font-family: verdana, geneva; font-size: 10pt;\">\u00a0<\/span><\/p>\n<p>\u00a0<\/p>\n<p><span style=\"font-family: verdana, geneva; font-size: 10pt;\">\u00a0<\/span><\/p>\n<p><span style=\"font-family: verdana, geneva; font-size: 10pt;\">\u00a0<\/span><\/p>\n<p><span style=\"font-family: verdana, geneva; font-size: 10pt;\">\u00a0<\/span><\/p>\n<p><span style=\"font-family: verdana, geneva; font-size: 10pt;\">\u00a0<\/span><\/p>\n","protected":false},"excerpt":{"rendered":"<p>La l\u00edder moral del Partido de la Revoluci\u00f3n Democr\u00e1tica (PRD) en Hidalgo, Teresa Samperio Le\u00f3n se\u00f1al\u00f3 que muchos de los males que aquejan\u00a0 a la pol\u00edtica mexicana, y por supuesto al PRD ha sido el constante intento de subordinar el derecho a la pol\u00edtica, lo que ha hecho que el pa\u00eds tenga una descomposici\u00f3n plena [&hellip;]<\/p>\n","protected":false},"author":93,"featured_media":0,"comment_status":"open","ping_status":"open","sticky":false,"template":"","format":"standard","meta":{"footnotes":""},"categories":[59],"tags":[],"class_list":["post-388","post","type-post","status-publish","format-standard","hentry","category-general"],"_links":{"self":[{"href":"https:\/\/plazajuarez.mx\/historico\/wp-json\/wp\/v2\/posts\/388","targetHints":{"allow":["GET"]}}],"collection":[{"href":"https:\/\/plazajuarez.mx\/historico\/wp-json\/wp\/v2\/posts"}],"about":[{"href":"https:\/\/plazajuarez.mx\/historico\/wp-json\/wp\/v2\/types\/post"}],"author":[{"embeddable":true,"href":"https:\/\/plazajuarez.mx\/historico\/wp-json\/wp\/v2\/users\/93"}],"replies":[{"embeddable":true,"href":"https:\/\/plazajuarez.mx\/historico\/wp-json\/wp\/v2\/comments?post=388"}],"version-history":[{"count":0,"href":"https:\/\/plazajuarez.mx\/historico\/wp-json\/wp\/v2\/posts\/388\/revisions"}],"wp:attachment":[{"href":"https:\/\/plazajuarez.mx\/historico\/wp-json\/wp\/v2\/media?parent=388"}],"wp:term":[{"taxonomy":"category","embeddable":true,"href":"https:\/\/plazajuarez.mx\/historico\/wp-json\/wp\/v2\/categories?post=388"},{"taxonomy":"post_tag","embeddable":true,"href":"https:\/\/plazajuarez.mx\/historico\/wp-json\/wp\/v2\/tags?post=388"}],"curies":[{"name":"wp","href":"https:\/\/api.w.org\/{rel}","templated":true}]}}